{"id":9007,"date":"2018-04-16T08:32:30","date_gmt":"2018-04-16T06:32:30","guid":{"rendered":"http:\/\/novalimglutenfree.com\/?p=9007\/"},"modified":"2018-04-16T08:32:30","modified_gmt":"2018-04-16T06:32:30","slug":"celiakie-jeji-velmi-strucna-historie","status":"publish","type":"post","link":"https:\/\/novalimglutenfree.com\/cs\/celiakie-jeji-velmi-strucna-historie\/","title":{"rendered":"Celiakie a jej\u00ed velmi stru\u010dn\u00e1 historie"},"content":{"rendered":"<p>Caliakie zde byla d\u0159\u00edve, ne\u017e se domn\u00edv\u00e1me. Doba pro\u00a0n\u00e1s\u00a0celiatiky se v\u0161ak zlep\u0161uje. Supermarkety nyn\u00ed prod\u00e1vaj\u00ed v\u00edce bezlepkov\u00fdch v\u00fdrobk\u016f ne\u017e kdykoliv p\u0159edt\u00edm, restaurace\u00a0n\u00e1m za\u010d\u00ednaj\u00ed\u00a0nab\u00edzet\u00a0jedno, \u010di dv\u011b\u00a0bezlepkov\u00e1\u00a0j\u00eddla a\u202fv\u0161ichni\u00a0maj\u00ed pro n\u00e1s \u010d\u00edm d\u00e1l t\u00edm v\u00edc porozum\u011bn\u00ed! Je\u0161t\u011b st\u00e1le je p\u0159ed n\u00e1mi dlouh\u00e1 cesta, ale v\u202fposledn\u00edch letech se pro celiatiky stal \u017eivot mnohem snadn\u011bj\u0161\u00ed.\u00a0Nicm\u00e9n\u011b ne v\u017edy byly v\u011bci tak dobr\u00e9.<!--more--><\/p>\n<h2>Celiakie a jej\u00ed velmi stru\u010dn\u00e1 historie<\/h2>\n<p>Jako lovci\/sb\u011bratel\u00e9,\u00a0lidsk\u00e1 strava sest\u00e1vala p\u0159ev\u00e1\u017en\u011b z\u202fovoce, o\u0159ech\u016f a\u202fmasa.\u00a0Lidsk\u00fd \u017ealudek se vyvinul v pr\u016fb\u011bhu 2 milion\u016f let se schopnost\u00ed zpracovat potravinov\u00e9 antigeny po\u017e\u00edvan\u00e9 jako sou\u010d\u00e1st t\u00e9to stravy. Nicm\u00e9n\u011b 10.000\u00a0let\u00a0p.n.l.\u00a0\u00a0prob\u011bhla\u00a0neolitick\u00e1\u00a0revoluce,\u00a0kter\u00e1 p\u0159inesla\u00a0kultivaci rostlin. V\u011bt\u0161ina jedinc\u016f se dok\u00e1zala tomuto nov\u00e9mu proteinu\u00a0p\u0159izp\u016fsobit\u00a0bez probl\u00e9m\u016f. Jin\u00ed nem\u011bli\u00a0takov\u00e9\u00a0\u0161t\u011bst\u00ed\u00a0a projevovali\u00a0zn\u00e1mky\u00a0nesn\u00e1\u0161enlivosti \u2013 to, co nyn\u00ed zn\u00e1me jako nemoc CELIAKIE.<\/p>\n<p>Uplynulo p\u0159ibli\u017en\u011b 8000 let, kolem 1. stolet\u00ed na\u0161eho letopo\u010dtu,\u00a0dokud tato\u00a0nemoc byla\u00a0identifikov\u00e1na a pojmenov\u00e1na. Ano, je\u00a0to tak.\u00a0\u00a08000 let, tak dlouho trvalo, ne\u017e si lidstvo definitivn\u011b uv\u011bdomilo, \u017ee zde existuje n\u011bjak\u00e1 \u201cnemoc\u201d ale i pot\u00e9 se je\u0161t\u011b mnoho o celiakii nev\u011bd\u011blo.\u00a0Toto po\u010d\u00e1te\u010dn\u00ed pozorov\u00e1n\u00ed ud\u011blal \u0159eck\u00fd g\u00e9nius\u00a0Aretaeus\u00a0z\u00a0Kappadokie, kter\u00fd ozna\u010dil tuto nemoc za \u0159eck\u00e9 slovo pro b\u0159icho \u2013\u00a0Koelia. Jeho\u00a0trochu\u00a0b\u00e1snick\u00e9\u00a0zamy\u0161len\u00ed\u00a0vypadalo\u00a0n\u00e1sledovn\u011b: \u201cPokud\u00a0nen\u00ed \u017ealudek\u00a0schopen p\u0159ijmout\u00a0v\u00fd\u017eivu,\u00a0pokud\u00a0j\u00eddlo\u00a0p\u0159es n\u011bj\u00a0projde bez str\u00e1ven\u00ed\u00a0a\u202fnic\u00a0nevst\u0159eb\u00e1\u00a0do t\u011bla, naz\u00fdv\u00e1me tyto osoby\u00a0celiatiky.\u201d<\/p>\n<p>Posu\u0148me se nyn\u00ed zrychlen\u011b\u00a0vp\u0159ed\u00a0o\u00a0dal\u0161\u00edch 18 stolet\u00ed a dostaneme se k na\u0161emu dal\u0161\u00edmu velk\u00e9mu\u00a0celiatick\u00e9mu\u00a0miln\u00edku. V roce 1888 publikoval anglick\u00fd l\u00e9ka\u0159 Samuel\u00a0Gee\u00a0prvn\u00ed kompletn\u00ed modern\u00ed popis klinick\u00e9ho obrazu celiakie a teoretizoval d\u016fle\u017eitost\u00a0kontroly\u00a0stravov\u00e1n\u00ed. Hur\u00e1, nakonec jsme se\u00a0n\u011bkam dostali!\u00a0Nesm\u00edme v\u0161ak b\u00fdt\u00a0p\u0159\u00edli\u0161 nad\u0161eni. Dokonce ani v tomto bod\u011b jsme je\u0161t\u011b netu\u0161ili, co p\u0159esn\u011b zp\u016fsobuje\u00a0tuto\u00a0nemoc.<\/p>\n<p>A\u017e\u00a0b\u011bhem\u00a0druh\u00e9 sv\u011btov\u00e9 v\u00e1lky se to stalo trochu\u00a0jasn\u011bj\u0161\u00edm.\u00a0Willem\u00a0Karel\u00a0Dicke, p\u0159edn\u00ed nizozemsk\u00fd pediatr, zaznamenal n\u011bco zaj\u00edmav\u00e9ho,\u00a0v dob\u00e1ch\u00a0nedostatku\u00a0chleba\u00a0se\u00a0stav d\u011bt\u00ed trp\u00edc\u00edch celiakii\u00a0zlep\u0161il! To vedlo\u00a0Dicke\u00a0k dal\u0161\u00edmu vy\u0161et\u0159ov\u00e1n\u00ed z\u00e1le\u017eitosti a o n\u011bkolik let pozd\u011bji vydal soubor kl\u00ed\u010dov\u00fdch dokument\u016f, kter\u00e9\u00a0popisuj\u00ed\u00a0\u00falohu, kterou sehr\u00e1vaj\u00ed\u00a0p\u0161enice a \u017eito p\u0159i t\u00e9to nemoci. Kone\u010dn\u011b! V n\u00e1sleduj\u00edc\u00edch sedmdes\u00e1t\u00fdch letech vid\u00edme n\u011bkolik pr\u016flom\u016f, kter\u00e9 n\u00e1m umo\u017enily z\u00fa\u017eit p\u0159\u00ed\u010dinu onemocn\u011bn\u00ed\u00a0(lepek, samoz\u0159ejm\u011b) a tak\u00e9 \u00fasp\u011b\u0161n\u011b diagnostikovat pacienta jako\u00a0celiatika\u00a0s dostate\u010dnou jistotou.<\/p>\n<p>Tak\u017ee, jak jste pr\u00e1v\u011b \u010detli, trvalo v\u00edce ne\u017e 12 000 let, ne\u017e jsme se dostali tam, kde jsme dnes. Na\u0161t\u011bst\u00ed trv\u00e1 trochu m\u00e9n\u011b \u010dasu p\u0159\u00edprava\u00a0dobr\u00e9ho kol\u00e1\u010de \u2013 viz na\u0161e\u00a0<a href=\"http:\/\/novalimglutenfree.com\/cs\/recepty\/\">recepty<\/a> a <a href=\"http:\/\/novalimglutenfree.com\/obchod\/\">p<\/a>rodukty!<\/p>\n<p><em>\u010cl\u00e1nek jsme pro v\u00e1s na\u0161li a zpracovali podle port\u00e1lu toogoodtobe.co.uk.<\/em><\/p>\n","protected":false},"excerpt":{"rendered":"<p>Caliakie zde byla d\u0159\u00edve, ne\u017e se domn\u00edv\u00e1me. Doba pro\u00a0n\u00e1s\u00a0celiatiky se v\u0161ak zlep\u0161uje. Supermarkety nyn\u00ed prod\u00e1vaj\u00ed v\u00edce bezlepkov\u00fdch v\u00fdrobk\u016f ne\u017e kdykoliv p\u0159edt\u00edm, restaurace\u00a0n\u00e1m za\u010d\u00ednaj\u00ed\u00a0nab\u00edzet\u00a0jedno, \u010di dv\u011b\u00a0bezlepkov\u00e1\u00a0j\u00eddla a\u202fv\u0161ichni\u00a0maj\u00ed pro n\u00e1s \u010d\u00edm d\u00e1l t\u00edm v\u00edc porozum\u011bn\u00ed! Je\u0161t\u011b st\u00e1le je p\u0159ed n\u00e1mi dlouh\u00e1 cesta, ale v\u202fposledn\u00edch letech se pro celiatiky stal \u017eivot mnohem snadn\u011bj\u0161\u00ed.\u00a0Nicm\u00e9n\u011b ne v\u017edy byly v\u011bci tak [&hellip;]<\/p>\n","protected":false},"author":923,"featured_media":9009,"comment_status":"closed","ping_status":"closed","sticky":false,"template":"","format":"standard","meta":[],"categories":[242],"tags":[],"yoast_head":"<!-- This site is optimized with the Yoast SEO plugin v15.7 - https:\/\/yoast.com\/wordpress\/plugins\/seo\/ -->\n<title>Celiakie a jej\u00ed velmi stru\u010dn\u00e1 historie - Novalim<\/title>\n<meta name=\"description\" content=\"Caliakie zde byla d\u0159\u00edve, ne\u017e se domn\u00edv\u00e1me. Doba pro n\u00e1s celiatiky se v\u0161ak zlep\u0161uje. Je\u0161t\u011b st\u00e1le je p\u0159ed n\u00e1mi dlouh\u00e1 cesta, ale v\u202fposledn\u00edch letech se pro celiatiky stal \u017eivot mnohem snadn\u011bj\u0161\u00ed.\" \/>\n<meta name=\"robots\" content=\"index, follow, max-snippet:-1, max-image-preview:large, max-video-preview:-1\" \/>\n<link rel=\"canonical\" href=\"https:\/\/www.novalimglutenfree.com\/cs\/celiakie-jeji-velmi-strucna-historie\/\" \/>\n<meta property=\"og:locale\" content=\"cs_CZ\" \/>\n<meta property=\"og:type\" content=\"article\" \/>\n<meta property=\"og:title\" content=\"Celiakie a jej\u00ed velmi stru\u010dn\u00e1 historie - Novalim\" \/>\n<meta property=\"og:description\" content=\"Caliakie zde byla d\u0159\u00edve, ne\u017e se domn\u00edv\u00e1me. Doba pro n\u00e1s celiatiky se v\u0161ak zlep\u0161uje. Je\u0161t\u011b st\u00e1le je p\u0159ed n\u00e1mi dlouh\u00e1 cesta, ale v\u202fposledn\u00edch letech se pro celiatiky stal \u017eivot mnohem snadn\u011bj\u0161\u00ed.\" \/>\n<meta property=\"og:url\" content=\"https:\/\/www.novalimglutenfree.com\/cs\/celiakie-jeji-velmi-strucna-historie\/\" \/>\n<meta property=\"og:site_name\" content=\"Novalim\" \/>\n<meta property=\"article:published_time\" content=\"2018-04-16T06:32:30+00:00\" \/>\n<meta property=\"og:image\" content=\"https:\/\/novalimglutenfree.com\/wp-content\/uploads\/2018\/04\/glutenfree-copia-scaled.jpg\" \/>\n\t<meta property=\"og:image:width\" content=\"2560\" \/>\n\t<meta property=\"og:image:height\" content=\"1877\" \/>\n<meta name=\"twitter:card\" content=\"summary\" \/>\n<meta name=\"twitter:label1\" content=\"Odhadovan\u00e1 doba \u010dten\u00ed\">\n\t<meta name=\"twitter:data1\" content=\"3 minuty\">\n<script type=\"application\/ld+json\" class=\"yoast-schema-graph\">{\"@context\":\"https:\/\/schema.org\",\"@graph\":[{\"@type\":\"WebSite\",\"@id\":\"https:\/\/www.novalimglutenfree.com\/de\/#website\",\"url\":\"https:\/\/www.novalimglutenfree.com\/de\/\",\"name\":\"Novalim\",\"description\":\"Bezlepkov\\u00e9 potraviny, bezlepkov\\u00e9 recepty, celiakia, PKU\",\"potentialAction\":[{\"@type\":\"SearchAction\",\"target\":\"https:\/\/www.novalimglutenfree.com\/de\/?s={search_term_string}\",\"query-input\":\"required name=search_term_string\"}],\"inLanguage\":\"cs\"},{\"@type\":\"ImageObject\",\"@id\":\"https:\/\/www.novalimglutenfree.com\/cs\/celiakie-jeji-velmi-strucna-historie\/#primaryimage\",\"inLanguage\":\"cs\",\"url\":\"https:\/\/novalimglutenfree.com\/wp-content\/uploads\/2018\/04\/glutenfree-copia-scaled.jpg\",\"width\":2560,\"height\":1877,\"caption\":\"Celiakie\"},{\"@type\":\"WebPage\",\"@id\":\"https:\/\/www.novalimglutenfree.com\/cs\/celiakie-jeji-velmi-strucna-historie\/#webpage\",\"url\":\"https:\/\/www.novalimglutenfree.com\/cs\/celiakie-jeji-velmi-strucna-historie\/\",\"name\":\"Celiakie a jej\\u00ed velmi stru\\u010dn\\u00e1 historie - Novalim\",\"isPartOf\":{\"@id\":\"https:\/\/www.novalimglutenfree.com\/de\/#website\"},\"primaryImageOfPage\":{\"@id\":\"https:\/\/www.novalimglutenfree.com\/cs\/celiakie-jeji-velmi-strucna-historie\/#primaryimage\"},\"datePublished\":\"2018-04-16T06:32:30+00:00\",\"dateModified\":\"2018-04-16T06:32:30+00:00\",\"author\":{\"@id\":\"https:\/\/www.novalimglutenfree.com\/de\/#\/schema\/person\/ed75de4c3b31e9d4367b674899e669c8\"},\"description\":\"Caliakie zde byla d\\u0159\\u00edve, ne\\u017e se domn\\u00edv\\u00e1me. Doba pro n\\u00e1s celiatiky se v\\u0161ak zlep\\u0161uje. Je\\u0161t\\u011b st\\u00e1le je p\\u0159ed n\\u00e1mi dlouh\\u00e1 cesta, ale v\\u202fposledn\\u00edch letech se pro celiatiky stal \\u017eivot mnohem snadn\\u011bj\\u0161\\u00ed.\",\"inLanguage\":\"cs\",\"potentialAction\":[{\"@type\":\"ReadAction\",\"target\":[\"https:\/\/www.novalimglutenfree.com\/cs\/celiakie-jeji-velmi-strucna-historie\/\"]}]},{\"@type\":\"Person\",\"@id\":\"https:\/\/www.novalimglutenfree.com\/de\/#\/schema\/person\/ed75de4c3b31e9d4367b674899e669c8\",\"name\":\"Michaela\",\"description\":\"Michaela sa u\\u017e nieko\\u013eko rokov venuje blogovaniu o jedle a pe\\u010den\\u00ed, je hobby cukr\\u00e1rka a v\\u00fdvoj\\u00e1rka receptov. Ak s\\u00fa t\\u00e9my, ktor\\u00e9 v\\u00e1s obzvl\\u00e1\\u0161\\u0165 zauj\\u00edmaj\\u00fa, alebo sa potrebujete poradi\\u0165 o bezlepkovom pe\\u010den\\u00ed a varen\\u00ed alebo o na\\u0161ich produktoch, nev\\u00e1hajte n\\u00e1s kontaktova\\u0165 na na\\u0161om facebookovom profile.\"}]}<\/script>\n<!-- \/ Yoast SEO plugin. -->","_links":{"self":[{"href":"https:\/\/novalimglutenfree.com\/cs\/wp-json\/wp\/v2\/posts\/9007"}],"collection":[{"href":"https:\/\/novalimglutenfree.com\/cs\/wp-json\/wp\/v2\/posts"}],"about":[{"href":"https:\/\/novalimglutenfree.com\/cs\/wp-json\/wp\/v2\/types\/post"}],"author":[{"embeddable":true,"href":"https:\/\/novalimglutenfree.com\/cs\/wp-json\/wp\/v2\/users\/923"}],"replies":[{"embeddable":true,"href":"https:\/\/novalimglutenfree.com\/cs\/wp-json\/wp\/v2\/comments?post=9007"}],"version-history":[{"count":1,"href":"https:\/\/novalimglutenfree.com\/cs\/wp-json\/wp\/v2\/posts\/9007\/revisions"}],"predecessor-version":[{"id":9008,"href":"https:\/\/novalimglutenfree.com\/cs\/wp-json\/wp\/v2\/posts\/9007\/revisions\/9008"}],"wp:featuredmedia":[{"embeddable":true,"href":"https:\/\/novalimglutenfree.com\/cs\/wp-json\/wp\/v2\/media\/9009"}],"wp:attachment":[{"href":"https:\/\/novalimglutenfree.com\/cs\/wp-json\/wp\/v2\/media?parent=9007"}],"wp:term":[{"taxonomy":"category","embeddable":true,"href":"https:\/\/novalimglutenfree.com\/cs\/wp-json\/wp\/v2\/categories?post=9007"},{"taxonomy":"post_tag","embeddable":true,"href":"https:\/\/novalimglutenfree.com\/cs\/wp-json\/wp\/v2\/tags?post=9007"}],"curies":[{"name":"wp","href":"https:\/\/api.w.org\/{rel}","templated":true}]}}