{"id":7629,"date":"2017-04-20T19:09:42","date_gmt":"2017-04-20T17:09:42","guid":{"rendered":"http:\/\/novalimglutenfree.com\/preco-sa-ludi-stavaju-bezlepkaci\/"},"modified":"2017-06-07T10:15:31","modified_gmt":"2017-06-07T08:15:31","slug":"preco-sa-ludi-stavaju-bezlepkaci","status":"publish","type":"post","link":"https:\/\/novalimglutenfree.com\/cs\/preco-sa-ludi-stavaju-bezlepkaci\/","title":{"rendered":"Pro\u010d se z lid\u00ed st\u00e1vaj\u00ed &#8220;bezlepk\u00e1\u010di&#8221;?"},"content":{"rendered":"<p>Schv\u00e1ln\u011b jsme pou\u017eili slovo &#8220;bezlepk\u00e1\u010di&#8221; a ne celiatici. A\u0165 chceme, \u010di ne, \u017eijeme v dob\u011b, kde nejen celiatici vylou\u010dili lepek ze sv\u00e9 stravy. Nov\u00e9 informace, trendy, poznatky a zku\u0161enosti n\u00e1s vedou k tomu, \u017ee mnohdy i lid\u00e9, kte\u0159\u00ed nemaj\u00ed diagnostikovanou celiakii nebo glutenovou intoleranci si \u0159eknou: dost bylo lepku a zm\u011bn\u00ed sv\u00e9 stravov\u00e1n\u00ed do punt\u00edku.<br \/>\nBlog glutendude.com se pod\u00edval bl\u00ed\u017ee na d\u016fvody, pro\u010d se z lid\u00ed dobrovoln\u011b stanou bezlepk\u00e1\u010di. N\u00e1s by zaj\u00edmaly va\u0161e d\u016fvody, pokud pat\u0159\u00edte do skupiny lid\u00ed, kte\u0159\u00ed p\u0159estali konzumovat lepek obsahuj\u00edc\u00ed potraviny, i kdy\u017e nem\u00e1te celiakii, resp.glut\u00e9nov\u00fa intoleranci. Napi\u0161te n\u00e1m na admin@novalim.sk.<\/p>\n<p>A tady jsou zmi\u0148ovan\u00e9 d\u016fvody podle uveden\u00e9ho blogu:<\/p>\n<ul>\n<li>M\u00e1m probl\u00e9m se \u0161t\u00edtnou \u017el\u00e1zou a l\u00e9ka\u0159 mi doporu\u010dil do\u010dasn\u011b vysadit lepek.<\/li>\n<li>5 m\u011bs\u00edc\u016f mi nep\u0159ech\u00e1zely bolesti hlavy a migr\u00e9ny, l\u00e9ka\u0159i nena\u0161li p\u0159\u00ed\u010dinu, tak jsem dobrovoln\u011b vysadila lepek a c\u00edt\u00edm zlep\u0161en\u00ed.<\/li>\n<li>M\u00e1m d\u00edt\u011b trp\u00edc\u00ed celiaki\u00ed a tak jsem se rozhodla solid\u00e1rn\u011b vynechat lepek i j\u00e1.<\/li>\n<li>St\u00e1le jen p\u0159ib\u00edr\u00e1m, m\u00e1m \u0161patnou ple\u0165 a \u010dast\u00e9 migr\u00e9ny. U\u017e m\u011b to nebav\u00ed. Vysadila jsem lepek a douf\u00e1m ve zlep\u0161en\u00ed.<\/li>\n<li>Je to zdrav\u011bj\u0161\u00ed. Mysl\u00edm.<\/li>\n<li>M\u00e1m kop\u0159ivku.<\/li>\n<li>Sv\u011bd\u00ed m\u011b cel\u00e9 t\u011blo a nep\u0159ech\u00e1z\u00ed to.<\/li>\n<li>K\u00e1mo\u0161ka mi poradila vysadit lepek.<\/li>\n<li>M\u00e1m \u010dast\u00e9 pichlav\u00e9 bolesti v tr\u00e1vic\u00edm traktu.<\/li>\n<li>Pom\u00e1h\u00e1 mi to p\u0159i l\u00e9\u010db\u011b z\u00e1vrat\u00ed.<\/li>\n<li>M\u00e1m fibromyalgie &#8230; mo\u017en\u00e1 mi to pom\u016f\u017ee &#8230;<\/li>\n<li>Moje m\u00e1ma je celiati\u010dka a j\u00e1 chci m\u00edt dom\u00e1cnost, kter\u00e1 ji v \u017e\u00e1dn\u00e9m sm\u011bru nem\u016f\u017ee kontaminovat lepkem.<\/li>\n<li>M\u00e1m lupus a pom\u00e1h\u00e1 mi to, velmi.<\/li>\n<li>Bezlepkov\u00e1 dieta mi pom\u00e1h\u00e1 na m\u00e9 probl\u00e9my s poko\u017ekou.<\/li>\n<li>M\u00e1m reflux.<\/li>\n<li>M\u011bla jsem Crohnovu nemoc.<\/li>\n<li>Nejsem celiatik, ale kdy\u017e j\u00edm potraviny obsahuj\u00edc\u00ed lepek, nad\u00fdm\u00e1 m\u011b a m\u00edv\u00e1m \u010dast\u00e9 z\u00e1cpy.<\/li>\n<li>Kdy\u017e jsem chodila na velkou 5x denn\u011b, zjistila jsem \u017ee asi nen\u00ed v\u0161echno v po\u0159\u00e1dku. A klidn\u011b se pousm\u011bjte, ale je to tak.<\/li>\n<li>M\u00e1m \u010dist\u0161\u00ed ple\u0165 a nem\u00e1m akn\u00e9.<\/li>\n<li>Nad\u00fdmalo m\u011b, honilo a nec\u00edtila jsem se dob\u0159e ani psychicky.<\/li>\n<\/ul>\n<p>Doktor \u0159ekl, \u017ee mi to pom\u016f\u017ee bojovat s nep\u0159\u00edjemn\u00fdm z\u00e1pachem potu &#8230;<br \/>\nA co n\u00e1m to \u0159\u00edk\u00e1? Zd\u00e1 se, \u017ee z odpov\u011bd\u00ed, kter\u00e9 \u010dten\u00e1\u0159i blogu poskytli, jim vysazen\u00ed lepku pom\u00e1h\u00e1. Vn\u00edm\u00e1me to i kolem sebe, i kdy\u017e &#8211; nejsme l\u00e9ka\u0159i a ur\u010dit\u011b se nesna\u017e\u00edme stanovit n\u011bjakou diagn\u00f3zu laick\u00fdm zp\u016fsobem. Proto n\u00e1s zaj\u00edm\u00e1 v\u00e1\u0161 n\u00e1zor &#8211; pokud jste neceliatik, ale p\u0159esto jste se rozhodl vysadit lepek, napi\u0161te n\u00e1m va\u0161e d\u016fvody a tak\u00e9 va\u0161e zku\u0161enosti.<\/p>\n","protected":false},"excerpt":{"rendered":"<p>Schv\u00e1ln\u011b jsme pou\u017eili slovo &#8220;bezlepk\u00e1\u010di&#8221; a ne celiatici. A\u0165 chceme, \u010di ne, \u017eijeme v dob\u011b, kde nejen celiatici vylou\u010dili lepek ze sv\u00e9 stravy. Nov\u00e9 informace, trendy, poznatky a zku\u0161enosti n\u00e1s vedou k tomu, \u017ee mnohdy i lid\u00e9, kte\u0159\u00ed nemaj\u00ed diagnostikovanou celiakii nebo glutenovou intoleranci si \u0159eknou: dost bylo lepku a zm\u011bn\u00ed sv\u00e9 stravov\u00e1n\u00ed do punt\u00edku. [&hellip;]<\/p>\n","protected":false},"author":923,"featured_media":7630,"comment_status":"closed","ping_status":"closed","sticky":false,"template":"","format":"standard","meta":[],"categories":[242,29],"tags":[],"yoast_head":"<!-- This site is optimized with the Yoast SEO plugin v15.7 - https:\/\/yoast.com\/wordpress\/plugins\/seo\/ -->\n<title>Pro\u010d se z lid\u00ed st\u00e1vaj\u00ed &quot;bezlepk\u00e1\u010di&quot;? - Novalim<\/title>\n<meta name=\"robots\" content=\"index, follow, max-snippet:-1, max-image-preview:large, max-video-preview:-1\" \/>\n<link rel=\"canonical\" href=\"https:\/\/novalimglutenfree.com\/cs\/preco-sa-ludi-stavaju-bezlepkaci\/\" \/>\n<meta property=\"og:locale\" content=\"cs_CZ\" \/>\n<meta property=\"og:type\" content=\"article\" \/>\n<meta property=\"og:title\" content=\"Pro\u010d se z lid\u00ed st\u00e1vaj\u00ed &quot;bezlepk\u00e1\u010di&quot;? - Novalim\" \/>\n<meta property=\"og:description\" content=\"Schv\u00e1ln\u011b jsme pou\u017eili slovo &#8220;bezlepk\u00e1\u010di&#8221; a ne celiatici. A\u0165 chceme, \u010di ne, \u017eijeme v dob\u011b, kde nejen celiatici vylou\u010dili lepek ze sv\u00e9 stravy. Nov\u00e9 informace, trendy, poznatky a zku\u0161enosti n\u00e1s vedou k tomu, \u017ee mnohdy i lid\u00e9, kte\u0159\u00ed nemaj\u00ed diagnostikovanou celiakii nebo glutenovou intoleranci si \u0159eknou: dost bylo lepku a zm\u011bn\u00ed sv\u00e9 stravov\u00e1n\u00ed do punt\u00edku. [&hellip;]\" \/>\n<meta property=\"og:url\" content=\"https:\/\/novalimglutenfree.com\/cs\/preco-sa-ludi-stavaju-bezlepkaci\/\" \/>\n<meta property=\"og:site_name\" content=\"Novalim\" \/>\n<meta property=\"article:published_time\" content=\"2017-04-20T17:09:42+00:00\" \/>\n<meta property=\"article:modified_time\" content=\"2017-06-07T08:15:31+00:00\" \/>\n<meta property=\"og:image\" content=\"https:\/\/novalimglutenfree.com\/wp-content\/uploads\/2017\/04\/clanok\u017e.jpg\" \/>\n\t<meta property=\"og:image:width\" content=\"750\" \/>\n\t<meta property=\"og:image:height\" content=\"474\" \/>\n<meta name=\"twitter:card\" content=\"summary\" \/>\n<meta name=\"twitter:label1\" content=\"Odhadovan\u00e1 doba \u010dten\u00ed\">\n\t<meta name=\"twitter:data1\" content=\"3 minuty\">\n<script type=\"application\/ld+json\" class=\"yoast-schema-graph\">{\"@context\":\"https:\/\/schema.org\",\"@graph\":[{\"@type\":\"WebSite\",\"@id\":\"https:\/\/www.novalimglutenfree.com\/de\/#website\",\"url\":\"https:\/\/www.novalimglutenfree.com\/de\/\",\"name\":\"Novalim\",\"description\":\"Bezlepkov\\u00e9 potraviny, bezlepkov\\u00e9 recepty, celiakia, PKU\",\"potentialAction\":[{\"@type\":\"SearchAction\",\"target\":\"https:\/\/www.novalimglutenfree.com\/de\/?s={search_term_string}\",\"query-input\":\"required name=search_term_string\"}],\"inLanguage\":\"cs\"},{\"@type\":\"ImageObject\",\"@id\":\"https:\/\/novalimglutenfree.com\/cs\/preco-sa-ludi-stavaju-bezlepkaci\/#primaryimage\",\"inLanguage\":\"cs\",\"url\":\"https:\/\/novalimglutenfree.com\/wp-content\/uploads\/2017\/04\/clanok\\u017e.jpg\",\"width\":750,\"height\":474,\"caption\":\"Pre\\u010do sa z \\u013eud\\u00ed st\\u00e1vaj\\u00fa bezlepk\\u00e1\\u010di\"},{\"@type\":\"WebPage\",\"@id\":\"https:\/\/novalimglutenfree.com\/cs\/preco-sa-ludi-stavaju-bezlepkaci\/#webpage\",\"url\":\"https:\/\/novalimglutenfree.com\/cs\/preco-sa-ludi-stavaju-bezlepkaci\/\",\"name\":\"Pro\\u010d se z lid\\u00ed st\\u00e1vaj\\u00ed \\\"bezlepk\\u00e1\\u010di\\\"? - Novalim\",\"isPartOf\":{\"@id\":\"https:\/\/www.novalimglutenfree.com\/de\/#website\"},\"primaryImageOfPage\":{\"@id\":\"https:\/\/novalimglutenfree.com\/cs\/preco-sa-ludi-stavaju-bezlepkaci\/#primaryimage\"},\"datePublished\":\"2017-04-20T17:09:42+00:00\",\"dateModified\":\"2017-06-07T08:15:31+00:00\",\"author\":{\"@id\":\"https:\/\/www.novalimglutenfree.com\/de\/#\/schema\/person\/ed75de4c3b31e9d4367b674899e669c8\"},\"inLanguage\":\"cs\",\"potentialAction\":[{\"@type\":\"ReadAction\",\"target\":[\"https:\/\/novalimglutenfree.com\/cs\/preco-sa-ludi-stavaju-bezlepkaci\/\"]}]},{\"@type\":\"Person\",\"@id\":\"https:\/\/www.novalimglutenfree.com\/de\/#\/schema\/person\/ed75de4c3b31e9d4367b674899e669c8\",\"name\":\"Michaela\",\"description\":\"Michaela sa u\\u017e nieko\\u013eko rokov venuje blogovaniu o jedle a pe\\u010den\\u00ed, je hobby cukr\\u00e1rka a v\\u00fdvoj\\u00e1rka receptov. Ak s\\u00fa t\\u00e9my, ktor\\u00e9 v\\u00e1s obzvl\\u00e1\\u0161\\u0165 zauj\\u00edmaj\\u00fa, alebo sa potrebujete poradi\\u0165 o bezlepkovom pe\\u010den\\u00ed a varen\\u00ed alebo o na\\u0161ich produktoch, nev\\u00e1hajte n\\u00e1s kontaktova\\u0165 na na\\u0161om facebookovom profile.\"}]}<\/script>\n<!-- \/ Yoast SEO plugin. -->","_links":{"self":[{"href":"https:\/\/novalimglutenfree.com\/cs\/wp-json\/wp\/v2\/posts\/7629"}],"collection":[{"href":"https:\/\/novalimglutenfree.com\/cs\/wp-json\/wp\/v2\/posts"}],"about":[{"href":"https:\/\/novalimglutenfree.com\/cs\/wp-json\/wp\/v2\/types\/post"}],"author":[{"embeddable":true,"href":"https:\/\/novalimglutenfree.com\/cs\/wp-json\/wp\/v2\/users\/923"}],"replies":[{"embeddable":true,"href":"https:\/\/novalimglutenfree.com\/cs\/wp-json\/wp\/v2\/comments?post=7629"}],"version-history":[{"count":2,"href":"https:\/\/novalimglutenfree.com\/cs\/wp-json\/wp\/v2\/posts\/7629\/revisions"}],"predecessor-version":[{"id":7633,"href":"https:\/\/novalimglutenfree.com\/cs\/wp-json\/wp\/v2\/posts\/7629\/revisions\/7633"}],"wp:featuredmedia":[{"embeddable":true,"href":"https:\/\/novalimglutenfree.com\/cs\/wp-json\/wp\/v2\/media\/7630"}],"wp:attachment":[{"href":"https:\/\/novalimglutenfree.com\/cs\/wp-json\/wp\/v2\/media?parent=7629"}],"wp:term":[{"taxonomy":"category","embeddable":true,"href":"https:\/\/novalimglutenfree.com\/cs\/wp-json\/wp\/v2\/categories?post=7629"},{"taxonomy":"post_tag","embeddable":true,"href":"https:\/\/novalimglutenfree.com\/cs\/wp-json\/wp\/v2\/tags?post=7629"}],"curies":[{"name":"wp","href":"https:\/\/api.w.org\/{rel}","templated":true}]}}