{"id":7321,"date":"2016-05-18T06:36:38","date_gmt":"2016-05-18T04:36:38","guid":{"rendered":"http:\/\/novalimglutenfree.com\/vyborny-chlieb-s-nezamenitelnou-vonou-chrumkavou-korkou\/"},"modified":"2017-06-01T12:21:09","modified_gmt":"2017-06-01T10:21:09","slug":"chleb-s-nezamenitelnou-vuni-a-krupavou-kurkou","status":"publish","type":"post","link":"https:\/\/novalimglutenfree.com\/cs\/chleb-s-nezamenitelnou-vuni-a-krupavou-kurkou\/","title":{"rendered":"Chl\u00e9b s nezam\u011bnitelnou v\u016fni a k\u0159upavou k\u016frkou"},"content":{"rendered":"<p><strong>Pot\u0159ebujeme:<\/strong><\/p>\n<li>500g Novalim <a href=\"http:\/\/czshop.novalim.net\/obchod\/mouky\/bezlepkove-moucne-smesi-promix\/promix-beta-racionalna-mineralizovana-bezglutenova-muka\/\">Promix Beta <\/a>sm\u011bsi<\/li>\n<li>2 \u010cL soli, 2 \u010cL cel\u00e9ho km\u00ednu<\/li>\n<li>1 balen\u00ed such\u00e9ho dro\u017ed\u00ed<\/li>\n<li>500 \u2013 600 ml vody<\/li>\n<p><strong>Postup:<\/strong><br \/>\nOdlo\u017e\u00edme si bokem dv\u011b PL <a href=\"http:\/\/czshop.novalim.net\/obchod\/mouky\/bezlepkove-moucne-smesi-promix\/promix-beta-racionalna-mineralizovana-bezglutenova-muka\/\">sm\u011bsi Beta <\/a>a potom prom\u00edch\u00e1me such\u00e9 p\u0159\u00edsady. Postupn\u011b p\u0159il\u00e9v\u00e1me vodu tak, abychom dostali lepkavou, m\u011bk\u010d\u00ed ale ne tekutou konzistenci. Pokud je t\u0159eba, p\u0159id\u00e1me je\u0161t\u011b vodu. Prom\u00edch\u00e1me va\u0159e\u010dkou a p\u0159ikryt\u00e9 nech\u00e1me kynout p\u0159es noc, resp.8-12 hodin.<\/p>\n<p>Vykynutou sm\u011bs d\u00e1me na prac.desku posypanou 2 PL Beta sm\u011bsi, trochu ru\u010dn\u011b prom\u00edch\u00e1me.<\/p>\n<p>Troubu rozeh\u0159ejeme na 230 stup\u0148\u016f a v n\u00ed rozeh\u0159ejeme i ohnivzdornou n\u00e1dobu s vekou (nap\u0159.m\u00edsu z jensk\u00e9ho skla). Do rozeh\u0159\u00e1t\u00e9 m\u00edsy p\u0159eneseme nakynut\u00e9 t\u011bsto (bude neforemn\u00e9, ale to je v po\u0159\u00e1dku), zav\u0159eme v\u00edkem a pe\u010deme asi 35 minut. Potom v\u00edko odkryjeme a pokra\u010dujeme v pe\u010den\u00ed dal\u0161\u00edch 15-20 minut.<\/p>\n<p>A v\u00fdsledek? P\u0159esv\u011bd\u010dte se sami. P\u0159ivsta\u0148te si r\u00e1no a upe\u010dte si \u010derstvou sn\u00eddani.<\/p>\n","protected":false},"excerpt":{"rendered":"<p>Pot\u0159ebujeme: 500g Novalim Promix Beta sm\u011bsi 2 \u010cL soli, 2 \u010cL cel\u00e9ho km\u00ednu 1 balen\u00ed such\u00e9ho dro\u017ed\u00ed 500 \u2013 600 ml vody Postup: Odlo\u017e\u00edme si bokem dv\u011b PL sm\u011bsi Beta a potom prom\u00edch\u00e1me such\u00e9 p\u0159\u00edsady. Postupn\u011b p\u0159il\u00e9v\u00e1me vodu tak, abychom dostali lepkavou, m\u011bk\u010d\u00ed ale ne tekutou konzistenci. Pokud je t\u0159eba, p\u0159id\u00e1me je\u0161t\u011b vodu. Prom\u00edch\u00e1me va\u0159e\u010dkou [&hellip;]<\/p>\n","protected":false},"author":3,"featured_media":7322,"comment_status":"closed","ping_status":"closed","sticky":false,"template":"","format":"standard","meta":[],"categories":[207],"tags":[253],"yoast_head":"<!-- This site is optimized with the Yoast SEO plugin v15.7 - https:\/\/yoast.com\/wordpress\/plugins\/seo\/ -->\n<title>Chl\u00e9b s nezam\u011bnitelnou v\u016fni a k\u0159upavou k\u016frkou - Novalim<\/title>\n<meta name=\"description\" content=\"P\u0159ivsta\u0148te si r\u00e1no a upe\u010dte si \u010derstvou sn\u00eddani. Sk\u00faste tenhle vynikaj\u00edci chl\u00e9b s nezam\u011bnitelnou v\u016fni a k\u0159upavou k\u016frkou, ur\u010dite v\u00e1m bude chutnat!\" \/>\n<meta name=\"robots\" content=\"index, follow, max-snippet:-1, max-image-preview:large, max-video-preview:-1\" \/>\n<link rel=\"canonical\" href=\"https:\/\/www.novalimglutenfree.com\/cs\/chleb-s-nezamenitelnou-vuni-a-krupavou-kurkou\/\" \/>\n<meta property=\"og:locale\" content=\"cs_CZ\" \/>\n<meta property=\"og:type\" content=\"article\" \/>\n<meta property=\"og:title\" content=\"Chl\u00e9b s nezam\u011bnitelnou v\u016fni a k\u0159upavou k\u016frkou - Novalim\" \/>\n<meta property=\"og:description\" content=\"P\u0159ivsta\u0148te si r\u00e1no a upe\u010dte si \u010derstvou sn\u00eddani. Sk\u00faste tenhle vynikaj\u00edci chl\u00e9b s nezam\u011bnitelnou v\u016fni a k\u0159upavou k\u016frkou, ur\u010dite v\u00e1m bude chutnat!\" \/>\n<meta property=\"og:url\" content=\"https:\/\/www.novalimglutenfree.com\/cs\/chleb-s-nezamenitelnou-vuni-a-krupavou-kurkou\/\" \/>\n<meta property=\"og:site_name\" content=\"Novalim\" \/>\n<meta property=\"article:published_time\" content=\"2016-05-18T04:36:38+00:00\" \/>\n<meta property=\"article:modified_time\" content=\"2017-06-01T10:21:09+00:00\" \/>\n<meta property=\"og:image\" content=\"https:\/\/novalimglutenfree.com\/wp-content\/uploads\/2016\/05\/Bread-Beta.jpg\" \/>\n\t<meta property=\"og:image:width\" content=\"960\" \/>\n\t<meta property=\"og:image:height\" content=\"640\" \/>\n<meta name=\"twitter:card\" content=\"summary\" \/>\n<meta name=\"twitter:label1\" content=\"Odhadovan\u00e1 doba \u010dten\u00ed\">\n\t<meta name=\"twitter:data1\" content=\"1 minuta\">\n<script type=\"application\/ld+json\" class=\"yoast-schema-graph\">{\"@context\":\"https:\/\/schema.org\",\"@graph\":[{\"@type\":\"WebSite\",\"@id\":\"https:\/\/www.novalimglutenfree.com\/de\/#website\",\"url\":\"https:\/\/www.novalimglutenfree.com\/de\/\",\"name\":\"Novalim\",\"description\":\"Bezlepkov\\u00e9 potraviny, bezlepkov\\u00e9 recepty, celiakia, PKU\",\"potentialAction\":[{\"@type\":\"SearchAction\",\"target\":\"https:\/\/www.novalimglutenfree.com\/de\/?s={search_term_string}\",\"query-input\":\"required name=search_term_string\"}],\"inLanguage\":\"cs\"},{\"@type\":\"ImageObject\",\"@id\":\"https:\/\/www.novalimglutenfree.com\/cs\/chleb-s-nezamenitelnou-vuni-a-krupavou-kurkou\/#primaryimage\",\"inLanguage\":\"cs\",\"url\":\"https:\/\/novalimglutenfree.com\/wp-content\/uploads\/2016\/05\/Bread-Beta.jpg\",\"width\":960,\"height\":640},{\"@type\":\"WebPage\",\"@id\":\"https:\/\/www.novalimglutenfree.com\/cs\/chleb-s-nezamenitelnou-vuni-a-krupavou-kurkou\/#webpage\",\"url\":\"https:\/\/www.novalimglutenfree.com\/cs\/chleb-s-nezamenitelnou-vuni-a-krupavou-kurkou\/\",\"name\":\"Chl\\u00e9b s nezam\\u011bnitelnou v\\u016fni a k\\u0159upavou k\\u016frkou - Novalim\",\"isPartOf\":{\"@id\":\"https:\/\/www.novalimglutenfree.com\/de\/#website\"},\"primaryImageOfPage\":{\"@id\":\"https:\/\/www.novalimglutenfree.com\/cs\/chleb-s-nezamenitelnou-vuni-a-krupavou-kurkou\/#primaryimage\"},\"datePublished\":\"2016-05-18T04:36:38+00:00\",\"dateModified\":\"2017-06-01T10:21:09+00:00\",\"author\":{\"@id\":\"https:\/\/www.novalimglutenfree.com\/de\/#\/schema\/person\/79da0abe09742de298e8a8f37973b956\"},\"description\":\"P\\u0159ivsta\\u0148te si r\\u00e1no a upe\\u010dte si \\u010derstvou sn\\u00eddani. Sk\\u00faste tenhle vynikaj\\u00edci chl\\u00e9b s nezam\\u011bnitelnou v\\u016fni a k\\u0159upavou k\\u016frkou, ur\\u010dite v\\u00e1m bude chutnat!\",\"inLanguage\":\"cs\",\"potentialAction\":[{\"@type\":\"ReadAction\",\"target\":[\"https:\/\/www.novalimglutenfree.com\/cs\/chleb-s-nezamenitelnou-vuni-a-krupavou-kurkou\/\"]}]},{\"@type\":\"Person\",\"@id\":\"https:\/\/www.novalimglutenfree.com\/de\/#\/schema\/person\/79da0abe09742de298e8a8f37973b956\",\"name\":\"Novalim\"}]}<\/script>\n<!-- \/ Yoast SEO plugin. -->","_links":{"self":[{"href":"https:\/\/novalimglutenfree.com\/cs\/wp-json\/wp\/v2\/posts\/7321"}],"collection":[{"href":"https:\/\/novalimglutenfree.com\/cs\/wp-json\/wp\/v2\/posts"}],"about":[{"href":"https:\/\/novalimglutenfree.com\/cs\/wp-json\/wp\/v2\/types\/post"}],"author":[{"embeddable":true,"href":"https:\/\/novalimglutenfree.com\/cs\/wp-json\/wp\/v2\/users\/3"}],"replies":[{"embeddable":true,"href":"https:\/\/novalimglutenfree.com\/cs\/wp-json\/wp\/v2\/comments?post=7321"}],"version-history":[{"count":2,"href":"https:\/\/novalimglutenfree.com\/cs\/wp-json\/wp\/v2\/posts\/7321\/revisions"}],"predecessor-version":[{"id":7328,"href":"https:\/\/novalimglutenfree.com\/cs\/wp-json\/wp\/v2\/posts\/7321\/revisions\/7328"}],"wp:featuredmedia":[{"embeddable":true,"href":"https:\/\/novalimglutenfree.com\/cs\/wp-json\/wp\/v2\/media\/7322"}],"wp:attachment":[{"href":"https:\/\/novalimglutenfree.com\/cs\/wp-json\/wp\/v2\/media?parent=7321"}],"wp:term":[{"taxonomy":"category","embeddable":true,"href":"https:\/\/novalimglutenfree.com\/cs\/wp-json\/wp\/v2\/categories?post=7321"},{"taxonomy":"post_tag","embeddable":true,"href":"https:\/\/novalimglutenfree.com\/cs\/wp-json\/wp\/v2\/tags?post=7321"}],"curies":[{"name":"wp","href":"https:\/\/api.w.org\/{rel}","templated":true}]}}