{"id":7129,"date":"2016-09-16T21:01:15","date_gmt":"2016-09-16T19:01:15","guid":{"rendered":"http:\/\/novalimglutenfree.com\/jablkovy-tart-bez-lepku\/"},"modified":"2017-05-29T19:18:11","modified_gmt":"2017-05-29T17:18:11","slug":"jablecny-bezlepkovy-kolac","status":"publish","type":"post","link":"https:\/\/novalimglutenfree.com\/cs\/jablecny-bezlepkovy-kolac\/","title":{"rendered":"Jable\u010dn\u00fd bezlepkov\u00fd kol\u00e1\u010d"},"content":{"rendered":"<p>Na podzimu je kr\u00e1sn\u00e9 to neust\u00e1l\u00e9 dozr\u00e1v\u00e1n\u00ed ovoce nebo zeleniny. Ze strom\u016f opad\u00e1vaj\u00ed jablka a \u010dlov\u011bk je n\u011bkdy ani nest\u00edh\u00e1 zpracov\u00e1vat. Aby nevy\u0161ly nazmar, p\u0159ipravili jsme pro v\u00e1s jeden \u0161ikovn\u00fd recept. Jable\u010dn\u00fd bezlepkov\u00fd kol\u00e1\u010d. Jeho z\u00e1kladem je tukov\u00e9 t\u011bsto, kter\u00e9 se hod\u00ed na jak\u00fdkoli ovocn\u00fd kol\u00e1\u010d do formy nebo i na cheesecake.<\/p>\n<p><strong>Pot\u0159ebujeme:<\/strong><\/p>\n<ul>\n<li>220 g bezlepkov\u00e9 mouky <a href=\"http:\/\/czshop.novalim.net\/obchod\/mouky\/bezlepkove-moucne-smesi-promix\/promix-beta-racionalna-mineralizovana-bezglutenova-muka\/\">Promix BETA<\/a><\/li>\n<li>1 \u010cL xant\u00e1nov\u00e9 nebo guarov\u00e9 gumy<\/li>\n<li>60 g pr\u00e1\u0161kov\u00e9ho cukru<\/li>\n<li>\u0161petka soli<\/li>\n<li>90 g m\u00e1sla nebo rostlinn\u00e9ho tuku<\/li>\n<li>1 cel\u00e9 vejce<\/li>\n<li>1 \u017e\u013aoutek<\/li>\n<li>2 v\u011bt\u0161\u00ed jablka<\/li>\n<li>Krystalov\u00fd cukr a sko\u0159ici na posyp\u00e1n\u00ed<\/li>\n<\/ul>\n<p><strong>Postup:<\/strong><\/p>\n<p>Na jablkov\u00fd bezlepkov\u00fd kol\u00e1\u010d nejprve prom\u00edch\u00e1me<a href=\"http:\/\/czshop.novalim.net\/obchod\/mouky\/bezlepkove-moucne-smesi-promix\/promix-beta-racionalna-mineralizovana-bezglutenova-muka\/\"> Promix Beta mouku<\/a> s guarovou nebo xant\u00e1novou gumou, cukrem a sol\u00ed, potom p\u0159id\u00e1me na kostky nakr\u00e1jen\u00e9 studen\u00e9 m\u00e1slo, vejce a \u017e\u013aoutek a vypracujeme t\u011bsto, kter\u00e9 nebude tuh\u00e9. Zabal\u00edme ho do potravinov\u00e9 f\u00f3lie a nech\u00e1me v ledni\u010dce hodinu odpo\u010d\u00edvat. Tento krok nepodce\u0148ujme, t\u011bsto b\u011bhem odpo\u010d\u00edv\u00e1n\u00ed dozr\u00e1v\u00e1 a o hodn\u011b l\u00e9pe se s n\u00edm potom pracuje.<\/p>\n<p>Hotov\u00e9 t\u011bsto potom natla\u010d\u00edme na dno formy na dorty (n\u00edzk\u00e1 keramick\u00e1 nebo kovov\u00e1 forma), na t\u011bsto naklademe na pl\u00e1tky nakr\u00e1jen\u00e9 jablka, kter\u00e1 podle chuti posypeme krystalov\u00fdm cukrem a sko\u0159ic\u00ed.<\/p>\n<p>Pe\u010deme v rozeh\u0159\u00e1t\u00e9 troub\u011b na 180 stup\u0148\u016f asi 30 minut, dokud se okraje t\u011bsta nezbarv\u00ed do zlatohn\u011bda.<\/p>\n<p>Nech\u00e1me \u00fapln\u011b vychladnout a a\u017e potom rozkr\u00e1j\u00edme.<\/p>\n","protected":false},"excerpt":{"rendered":"<p>Na podzimu je kr\u00e1sn\u00e9 to neust\u00e1l\u00e9 dozr\u00e1v\u00e1n\u00ed ovoce nebo zeleniny. Ze strom\u016f opad\u00e1vaj\u00ed jablka a \u010dlov\u011bk je n\u011bkdy ani nest\u00edh\u00e1 zpracov\u00e1vat. Aby nevy\u0161ly nazmar, p\u0159ipravili jsme pro v\u00e1s jeden \u0161ikovn\u00fd recept. Jable\u010dn\u00fd bezlepkov\u00fd kol\u00e1\u010d. Jeho z\u00e1kladem je tukov\u00e9 t\u011bsto, kter\u00e9 se hod\u00ed na jak\u00fdkoli ovocn\u00fd kol\u00e1\u010d do formy nebo i na cheesecake. Pot\u0159ebujeme: 220 g [&hellip;]<\/p>\n","protected":false},"author":923,"featured_media":7130,"comment_status":"closed","ping_status":"closed","sticky":false,"template":"","format":"standard","meta":[],"categories":[208,207],"tags":[253],"yoast_head":"<!-- This site is optimized with the Yoast SEO plugin v15.7 - https:\/\/yoast.com\/wordpress\/plugins\/seo\/ -->\n<title>Jable\u010dn\u00fd bezlepkov\u00fd kol\u00e1\u010d - Novalim<\/title>\n<meta name=\"description\" content=\"Co je trendem t\u00e9to podzimu mezi celiatiky? No p\u0159ece jable\u010dn\u00fd bezlepkov\u00fd kol\u00e1\u010d. Upe\u010dte si ho doma, podle n\u00e1\u0161hooveren\u00e9ho receptu. Dom\u00e1c\u00ed chutn\u00e1 nejl\u00e9pe.\" \/>\n<meta name=\"robots\" content=\"index, follow, max-snippet:-1, max-image-preview:large, max-video-preview:-1\" \/>\n<link rel=\"canonical\" href=\"https:\/\/novalimglutenfree.com\/cs\/jablecny-bezlepkovy-kolac\/\" \/>\n<meta property=\"og:locale\" content=\"cs_CZ\" \/>\n<meta property=\"og:type\" content=\"article\" \/>\n<meta property=\"og:title\" content=\"Jable\u010dn\u00fd bezlepkov\u00fd kol\u00e1\u010d - Novalim\" \/>\n<meta property=\"og:description\" content=\"Co je trendem t\u00e9to podzimu mezi celiatiky? No p\u0159ece jable\u010dn\u00fd bezlepkov\u00fd kol\u00e1\u010d. Upe\u010dte si ho doma, podle n\u00e1\u0161hooveren\u00e9ho receptu. Dom\u00e1c\u00ed chutn\u00e1 nejl\u00e9pe.\" \/>\n<meta property=\"og:url\" content=\"https:\/\/novalimglutenfree.com\/cs\/jablecny-bezlepkovy-kolac\/\" \/>\n<meta property=\"og:site_name\" content=\"Novalim\" \/>\n<meta property=\"article:published_time\" content=\"2016-09-16T19:01:15+00:00\" \/>\n<meta property=\"article:modified_time\" content=\"2017-05-29T17:18:11+00:00\" \/>\n<meta property=\"og:image\" content=\"https:\/\/novalimglutenfree.com\/wp-content\/uploads\/2016\/09\/mg_9206_s.jpg\" \/>\n\t<meta property=\"og:image:width\" content=\"1200\" \/>\n\t<meta property=\"og:image:height\" content=\"800\" \/>\n<meta name=\"twitter:card\" content=\"summary\" \/>\n<meta name=\"twitter:label1\" content=\"Odhadovan\u00e1 doba \u010dten\u00ed\">\n\t<meta name=\"twitter:data1\" content=\"1 minuta\">\n<script type=\"application\/ld+json\" class=\"yoast-schema-graph\">{\"@context\":\"https:\/\/schema.org\",\"@graph\":[{\"@type\":\"WebSite\",\"@id\":\"https:\/\/www.novalimglutenfree.com\/de\/#website\",\"url\":\"https:\/\/www.novalimglutenfree.com\/de\/\",\"name\":\"Novalim\",\"description\":\"Bezlepkov\\u00e9 potraviny, bezlepkov\\u00e9 recepty, celiakia, PKU\",\"potentialAction\":[{\"@type\":\"SearchAction\",\"target\":\"https:\/\/www.novalimglutenfree.com\/de\/?s={search_term_string}\",\"query-input\":\"required name=search_term_string\"}],\"inLanguage\":\"cs\"},{\"@type\":\"ImageObject\",\"@id\":\"https:\/\/novalimglutenfree.com\/cs\/jablecny-bezlepkovy-kolac\/#primaryimage\",\"inLanguage\":\"cs\",\"url\":\"https:\/\/novalimglutenfree.com\/wp-content\/uploads\/2016\/09\/mg_9206_s.jpg\",\"width\":1200,\"height\":800,\"caption\":\"jablkov\\u00fd bezlepkov\\u00fd kol\\u00e1\\u010d\"},{\"@type\":\"WebPage\",\"@id\":\"https:\/\/novalimglutenfree.com\/cs\/jablecny-bezlepkovy-kolac\/#webpage\",\"url\":\"https:\/\/novalimglutenfree.com\/cs\/jablecny-bezlepkovy-kolac\/\",\"name\":\"Jable\\u010dn\\u00fd bezlepkov\\u00fd kol\\u00e1\\u010d - Novalim\",\"isPartOf\":{\"@id\":\"https:\/\/www.novalimglutenfree.com\/de\/#website\"},\"primaryImageOfPage\":{\"@id\":\"https:\/\/novalimglutenfree.com\/cs\/jablecny-bezlepkovy-kolac\/#primaryimage\"},\"datePublished\":\"2016-09-16T19:01:15+00:00\",\"dateModified\":\"2017-05-29T17:18:11+00:00\",\"author\":{\"@id\":\"https:\/\/www.novalimglutenfree.com\/de\/#\/schema\/person\/ed75de4c3b31e9d4367b674899e669c8\"},\"description\":\"Co je trendem t\\u00e9to podzimu mezi celiatiky? No p\\u0159ece jable\\u010dn\\u00fd bezlepkov\\u00fd kol\\u00e1\\u010d. Upe\\u010dte si ho doma, podle n\\u00e1\\u0161hooveren\\u00e9ho receptu. Dom\\u00e1c\\u00ed chutn\\u00e1 nejl\\u00e9pe.\",\"inLanguage\":\"cs\",\"potentialAction\":[{\"@type\":\"ReadAction\",\"target\":[\"https:\/\/novalimglutenfree.com\/cs\/jablecny-bezlepkovy-kolac\/\"]}]},{\"@type\":\"Person\",\"@id\":\"https:\/\/www.novalimglutenfree.com\/de\/#\/schema\/person\/ed75de4c3b31e9d4367b674899e669c8\",\"name\":\"Michaela\",\"description\":\"Michaela sa u\\u017e nieko\\u013eko rokov venuje blogovaniu o jedle a pe\\u010den\\u00ed, je hobby cukr\\u00e1rka a v\\u00fdvoj\\u00e1rka receptov. Ak s\\u00fa t\\u00e9my, ktor\\u00e9 v\\u00e1s obzvl\\u00e1\\u0161\\u0165 zauj\\u00edmaj\\u00fa, alebo sa potrebujete poradi\\u0165 o bezlepkovom pe\\u010den\\u00ed a varen\\u00ed alebo o na\\u0161ich produktoch, nev\\u00e1hajte n\\u00e1s kontaktova\\u0165 na na\\u0161om facebookovom profile.\"}]}<\/script>\n<!-- \/ Yoast SEO plugin. -->","_links":{"self":[{"href":"https:\/\/novalimglutenfree.com\/cs\/wp-json\/wp\/v2\/posts\/7129"}],"collection":[{"href":"https:\/\/novalimglutenfree.com\/cs\/wp-json\/wp\/v2\/posts"}],"about":[{"href":"https:\/\/novalimglutenfree.com\/cs\/wp-json\/wp\/v2\/types\/post"}],"author":[{"embeddable":true,"href":"https:\/\/novalimglutenfree.com\/cs\/wp-json\/wp\/v2\/users\/923"}],"replies":[{"embeddable":true,"href":"https:\/\/novalimglutenfree.com\/cs\/wp-json\/wp\/v2\/comments?post=7129"}],"version-history":[{"count":2,"href":"https:\/\/novalimglutenfree.com\/cs\/wp-json\/wp\/v2\/posts\/7129\/revisions"}],"predecessor-version":[{"id":7135,"href":"https:\/\/novalimglutenfree.com\/cs\/wp-json\/wp\/v2\/posts\/7129\/revisions\/7135"}],"wp:featuredmedia":[{"embeddable":true,"href":"https:\/\/novalimglutenfree.com\/cs\/wp-json\/wp\/v2\/media\/7130"}],"wp:attachment":[{"href":"https:\/\/novalimglutenfree.com\/cs\/wp-json\/wp\/v2\/media?parent=7129"}],"wp:term":[{"taxonomy":"category","embeddable":true,"href":"https:\/\/novalimglutenfree.com\/cs\/wp-json\/wp\/v2\/categories?post=7129"},{"taxonomy":"post_tag","embeddable":true,"href":"https:\/\/novalimglutenfree.com\/cs\/wp-json\/wp\/v2\/tags?post=7129"}],"curies":[{"name":"wp","href":"https:\/\/api.w.org\/{rel}","templated":true}]}}