{"id":7114,"date":"2016-10-21T19:00:26","date_gmt":"2016-10-21T17:00:26","guid":{"rendered":"http:\/\/novalimglutenfree.com\/bezlepkovy-medovo-orechovy-kolac\/"},"modified":"2017-05-29T18:38:57","modified_gmt":"2017-05-29T16:38:57","slug":"bezlepkovy-medove-orechovy-kolac","status":"publish","type":"post","link":"https:\/\/novalimglutenfree.com\/cs\/bezlepkovy-medove-orechovy-kolac\/","title":{"rendered":"Bezlepkov\u00fd medov\u011b-o\u0159echov\u00fd kol\u00e1\u010d"},"content":{"rendered":"<p>Pokud jste si n\u011bkdy v cukr\u00e1rn\u011b dali medovo-o\u0159echov\u00fd kol\u00e1\u010d, v\u011b\u0159\u00edm, \u017ee to nebylo naposledy. Recept\u016f na tento kol\u00e1\u010d je mnoho, nejsou ale jednoduch\u00e9 a zaberou hodn\u011b \u010dasu. My m\u00e1me pro v\u00e1s zjednodu\u0161enou verzi tohto obl\u00edben\u00e9ho kol\u00e1\u010de, kter\u00fd si te\u010f m\u016f\u017eete pohodln\u011b up\u00e9ct i doma a jak je u n\u00e1s zvykem, bez lepku \ud83d\ude42<\/p>\n<p><strong>Pot\u0159ebujeme:<\/strong><br \/>\n<strong>Na t\u011bsto:<\/strong><br \/>\n2 balen\u00ed <a href=\"http:\/\/czshop.novalim.net\/obchod\/mouky\/bezlepkove-moucne-polotovary\/bezlepkovy-pernik-v-prasku\/\">Novalim sm\u011bsi na pern\u00edk<\/a><br \/>\n4 PL medu<br \/>\n100 g rostlinn\u00e9ho tuku<br \/>\n120 ml vla\u017en\u00e9 vody<\/p>\n<p><strong>Na kr\u00e9m:<\/strong><br \/>\n300 ml ml\u00e9ka<br \/>\n4 PL \u0161krobu (kuku\u0159i\u010dn\u00e9ho nebo bramborov\u00e9ho)<br \/>\n100 g cukru<br \/>\n250 g m\u00e1sla<br \/>\n1 vanilkov\u00fd cukr<\/p>\n<p><strong> Na o\u0159echovou sm\u011bs:<\/strong><br \/>\n220 g nasekan\u00fdch vla\u0161sk\u00fdch o\u0159ech\u016f<br \/>\n80 g pr\u00e1\u0161kov\u00e9ho cukru<br \/>\n120 g m\u00e1sla<br \/>\n3 PL medu<\/p>\n<p><strong>Postup:<\/strong><br \/>\nRoztopen\u00fd rostlinn\u00fd tuk a tekut\u00fd med nalejeme na dv\u011b balen\u00ed bezlepkov\u00e9 <a href=\"http:\/\/czshop.novalim.net\/obchod\/mouky\/bezlepkove-moucne-polotovary\/bezlepkovy-pernik-v-prasku\/\">sm\u011bsi na pern\u00edk<\/a> a vypracujeme vl\u00e1\u010dn\u00e9 homogenn\u00ed t\u011bsto, bude n\u00e1m to trvat asi 5 minut. Zabal\u00edme ho do f\u00f3lie a nech\u00e1me odpo\u010d\u00edvat v ledni\u010dce p\u0159es noc (minim\u00e1ln\u011b ale 2 hodiny). B\u011bhem tohoto \u010dasu t\u011bsto dob\u0159e dozraje a jednotliv\u00e9 chut\u011b se p\u011bkn\u011b propoj\u00ed.<\/p>\n<p>Na druh\u00fd den t\u011bsto rozd\u011bl\u00edme na t\u0159i \u010d\u00e1sti a ka\u017edou vyv\u00e1l\u00edme na pap\u00edru na pe\u010den\u00ed asi na 7 mm do tvaru obdeln\u00edku. Pe\u010deme na obr\u00e1cen\u00e9 stran\u011b plechu na 170 stup\u0148\u016f asi 15 minut. Takto upe\u010deme dva pl\u00e1ty ze t\u0159\u00ed.<\/p>\n<p>Na o\u0159echovou sm\u011bs sm\u00edch\u00e1me nasekan\u00e9 o\u0159echy, med, m\u00e1slo a cukr a na p\u00e1nvi osma\u017e\u00edme dozlatova. Horkou sm\u011bs naneseme na povrch t\u0159et\u00edho pl\u00e1tu a spolu je pe\u010deme na 170 stup\u0148\u016f asi 15 minut.<\/p>\n<p>Na kr\u00e9m uva\u0159\u00edme pudinkovou ka\u0161i z ml\u00e9ka, \u0161krobu a vanilkov\u00e9ho cukru. Nech\u00e1me vychladnout a po vychladnut\u00ed pudinkovou sm\u011bs vym\u00edch\u00e1me s m\u00e1slem a cukrem do hladk\u00e9ho kr\u00e9mu.<\/p>\n<p>Prvn\u00ed pl\u00e1t nat\u0159eme polovi\u010dkou kr\u00e9mu, p\u0159ikryjeme druh\u00fdm pl\u00e1tem, kter\u00fd nat\u0159eme druhou p\u016flkou kr\u00e9mu a p\u0159ikryjeme o\u0159echov\u00fdm pl\u00e1tem. Nech\u00e1me jeden den odle\u017eet na chladn\u00e9m m\u00edst\u011b.<\/p>\n","protected":false},"excerpt":{"rendered":"<p>Pokud jste si n\u011bkdy v cukr\u00e1rn\u011b dali medovo-o\u0159echov\u00fd kol\u00e1\u010d, v\u011b\u0159\u00edm, \u017ee to nebylo naposledy. Recept\u016f na tento kol\u00e1\u010d je mnoho, nejsou ale jednoduch\u00e9 a zaberou hodn\u011b \u010dasu. My m\u00e1me pro v\u00e1s zjednodu\u0161enou verzi tohto obl\u00edben\u00e9ho kol\u00e1\u010de, kter\u00fd si te\u010f m\u016f\u017eete pohodln\u011b up\u00e9ct i doma a jak je u n\u00e1s zvykem, bez lepku \ud83d\ude42 Pot\u0159ebujeme: Na [&hellip;]<\/p>\n","protected":false},"author":923,"featured_media":7115,"comment_status":"closed","ping_status":"closed","sticky":false,"template":"","format":"standard","meta":[],"categories":[208,207],"tags":[],"yoast_head":"<!-- This site is optimized with the Yoast SEO plugin v15.7 - https:\/\/yoast.com\/wordpress\/plugins\/seo\/ -->\n<title>Bezlepkov\u00fd medov\u011b-o\u0159echov\u00fd kol\u00e1\u010d - Novalim<\/title>\n<meta name=\"description\" content=\"M\u00e1me pro v\u00e1s recept na nejobl\u00edben\u011bj\u0161\u00ed bezlepkov\u00fd medov\u011b-o\u0159echov\u00fd kol\u00e1\u010d, kter\u00fd je bez lepku. Vyzkou\u0161ejte ho a v\u011b\u0159te, \u017ee se do n\u011bj zamilujete.\" \/>\n<meta name=\"robots\" content=\"index, follow, max-snippet:-1, max-image-preview:large, max-video-preview:-1\" \/>\n<link rel=\"canonical\" href=\"https:\/\/www.novalimglutenfree.com\/cs\/bezlepkovy-medove-orechovy-kolac\/\" \/>\n<meta property=\"og:locale\" content=\"cs_CZ\" \/>\n<meta property=\"og:type\" content=\"article\" \/>\n<meta property=\"og:title\" content=\"Bezlepkov\u00fd medov\u011b-o\u0159echov\u00fd kol\u00e1\u010d - Novalim\" \/>\n<meta property=\"og:description\" content=\"M\u00e1me pro v\u00e1s recept na nejobl\u00edben\u011bj\u0161\u00ed bezlepkov\u00fd medov\u011b-o\u0159echov\u00fd kol\u00e1\u010d, kter\u00fd je bez lepku. Vyzkou\u0161ejte ho a v\u011b\u0159te, \u017ee se do n\u011bj zamilujete.\" \/>\n<meta property=\"og:url\" content=\"https:\/\/www.novalimglutenfree.com\/cs\/bezlepkovy-medove-orechovy-kolac\/\" \/>\n<meta property=\"og:site_name\" content=\"Novalim\" \/>\n<meta property=\"article:published_time\" content=\"2016-10-21T17:00:26+00:00\" \/>\n<meta property=\"article:modified_time\" content=\"2017-05-29T16:38:57+00:00\" \/>\n<meta property=\"og:image\" content=\"https:\/\/novalimglutenfree.com\/wp-content\/uploads\/2016\/10\/web_1.jpg\" \/>\n\t<meta property=\"og:image:width\" content=\"960\" \/>\n\t<meta property=\"og:image:height\" content=\"720\" \/>\n<meta name=\"twitter:card\" content=\"summary\" \/>\n<meta name=\"twitter:label1\" content=\"Odhadovan\u00e1 doba \u010dten\u00ed\">\n\t<meta name=\"twitter:data1\" content=\"2 minuty\">\n<script type=\"application\/ld+json\" class=\"yoast-schema-graph\">{\"@context\":\"https:\/\/schema.org\",\"@graph\":[{\"@type\":\"WebSite\",\"@id\":\"https:\/\/www.novalimglutenfree.com\/de\/#website\",\"url\":\"https:\/\/www.novalimglutenfree.com\/de\/\",\"name\":\"Novalim\",\"description\":\"Bezlepkov\\u00e9 potraviny, bezlepkov\\u00e9 recepty, celiakia, PKU\",\"potentialAction\":[{\"@type\":\"SearchAction\",\"target\":\"https:\/\/www.novalimglutenfree.com\/de\/?s={search_term_string}\",\"query-input\":\"required name=search_term_string\"}],\"inLanguage\":\"cs\"},{\"@type\":\"ImageObject\",\"@id\":\"https:\/\/www.novalimglutenfree.com\/cs\/bezlepkovy-medove-orechovy-kolac\/#primaryimage\",\"inLanguage\":\"cs\",\"url\":\"https:\/\/novalimglutenfree.com\/wp-content\/uploads\/2016\/10\/web_1.jpg\",\"width\":960,\"height\":720,\"caption\":\"Bezlepkov\\u00fd medovo-orechov\\u00fd kol\\u00e1\\u010d\"},{\"@type\":\"WebPage\",\"@id\":\"https:\/\/www.novalimglutenfree.com\/cs\/bezlepkovy-medove-orechovy-kolac\/#webpage\",\"url\":\"https:\/\/www.novalimglutenfree.com\/cs\/bezlepkovy-medove-orechovy-kolac\/\",\"name\":\"Bezlepkov\\u00fd medov\\u011b-o\\u0159echov\\u00fd kol\\u00e1\\u010d - Novalim\",\"isPartOf\":{\"@id\":\"https:\/\/www.novalimglutenfree.com\/de\/#website\"},\"primaryImageOfPage\":{\"@id\":\"https:\/\/www.novalimglutenfree.com\/cs\/bezlepkovy-medove-orechovy-kolac\/#primaryimage\"},\"datePublished\":\"2016-10-21T17:00:26+00:00\",\"dateModified\":\"2017-05-29T16:38:57+00:00\",\"author\":{\"@id\":\"https:\/\/www.novalimglutenfree.com\/de\/#\/schema\/person\/ed75de4c3b31e9d4367b674899e669c8\"},\"description\":\"M\\u00e1me pro v\\u00e1s recept na nejobl\\u00edben\\u011bj\\u0161\\u00ed bezlepkov\\u00fd medov\\u011b-o\\u0159echov\\u00fd kol\\u00e1\\u010d, kter\\u00fd je bez lepku. Vyzkou\\u0161ejte ho a v\\u011b\\u0159te, \\u017ee se do n\\u011bj zamilujete.\",\"inLanguage\":\"cs\",\"potentialAction\":[{\"@type\":\"ReadAction\",\"target\":[\"https:\/\/www.novalimglutenfree.com\/cs\/bezlepkovy-medove-orechovy-kolac\/\"]}]},{\"@type\":\"Person\",\"@id\":\"https:\/\/www.novalimglutenfree.com\/de\/#\/schema\/person\/ed75de4c3b31e9d4367b674899e669c8\",\"name\":\"Michaela\",\"description\":\"Michaela sa u\\u017e nieko\\u013eko rokov venuje blogovaniu o jedle a pe\\u010den\\u00ed, je hobby cukr\\u00e1rka a v\\u00fdvoj\\u00e1rka receptov. Ak s\\u00fa t\\u00e9my, ktor\\u00e9 v\\u00e1s obzvl\\u00e1\\u0161\\u0165 zauj\\u00edmaj\\u00fa, alebo sa potrebujete poradi\\u0165 o bezlepkovom pe\\u010den\\u00ed a varen\\u00ed alebo o na\\u0161ich produktoch, nev\\u00e1hajte n\\u00e1s kontaktova\\u0165 na na\\u0161om facebookovom profile.\"}]}<\/script>\n<!-- \/ Yoast SEO plugin. -->","_links":{"self":[{"href":"https:\/\/novalimglutenfree.com\/cs\/wp-json\/wp\/v2\/posts\/7114"}],"collection":[{"href":"https:\/\/novalimglutenfree.com\/cs\/wp-json\/wp\/v2\/posts"}],"about":[{"href":"https:\/\/novalimglutenfree.com\/cs\/wp-json\/wp\/v2\/types\/post"}],"author":[{"embeddable":true,"href":"https:\/\/novalimglutenfree.com\/cs\/wp-json\/wp\/v2\/users\/923"}],"replies":[{"embeddable":true,"href":"https:\/\/novalimglutenfree.com\/cs\/wp-json\/wp\/v2\/comments?post=7114"}],"version-history":[{"count":2,"href":"https:\/\/novalimglutenfree.com\/cs\/wp-json\/wp\/v2\/posts\/7114\/revisions"}],"predecessor-version":[{"id":7119,"href":"https:\/\/novalimglutenfree.com\/cs\/wp-json\/wp\/v2\/posts\/7114\/revisions\/7119"}],"wp:featuredmedia":[{"embeddable":true,"href":"https:\/\/novalimglutenfree.com\/cs\/wp-json\/wp\/v2\/media\/7115"}],"wp:attachment":[{"href":"https:\/\/novalimglutenfree.com\/cs\/wp-json\/wp\/v2\/media?parent=7114"}],"wp:term":[{"taxonomy":"category","embeddable":true,"href":"https:\/\/novalimglutenfree.com\/cs\/wp-json\/wp\/v2\/categories?post=7114"},{"taxonomy":"post_tag","embeddable":true,"href":"https:\/\/novalimglutenfree.com\/cs\/wp-json\/wp\/v2\/tags?post=7114"}],"curies":[{"name":"wp","href":"https:\/\/api.w.org\/{rel}","templated":true}]}}