{"id":7051,"date":"2016-11-29T23:37:01","date_gmt":"2016-11-29T21:37:01","guid":{"rendered":"http:\/\/novalimglutenfree.com\/maekke-medovnicky-kukuricnej-muky\/"},"modified":"2017-05-29T17:38:46","modified_gmt":"2017-05-29T15:38:46","slug":"mekke-pernicky-z-kukuricne-mouky","status":"publish","type":"post","link":"https:\/\/novalimglutenfree.com\/cs\/mekke-pernicky-z-kukuricne-mouky\/","title":{"rendered":"M\u011bkk\u00e9 pern\u00ed\u010dky z kuku\u0159i\u010dn\u00e9 mouky"},"content":{"rendered":"<p><strong>Pot\u0159ebujeme:<\/strong><br \/>\n400 g bezlepkov\u00e9 mouky (kombinovali jsme 250 g <a href=\"http:\/\/czshop.novalim.net\/obchod\/mouky\/prirozene-bezlepkove-mouky\/kukuricna-muka\/\">kuku\u0159i\u010dn\u00e9<\/a> polohrub\u00e9 a 150 g <a href=\"http:\/\/czshop.novalim.net\/obchod\/mouky\/prirozene-bezlepkove-mouky\/ryzova-muka\/\">r\u00fd\u017eov\u00e9<\/a>)<br \/>\n150 g mou\u010dkov\u00e9ho cukru<br \/>\n60 g rostlinn\u00e9ho tuku do t\u011bsta<br \/>\n2 cel\u00e9 vejce<br \/>\n100 g medu<br \/>\n1 \u010cL mlet\u00e9ho h\u0159eb\u00ed\u010dku<br \/>\n1 \u010cL mlet\u00e9 sko\u0159ice<br \/>\n1 \u010cL sody bikarbony<br \/>\n&amp; o\u0159echy, slune\u010dnicov\u00e1 sem\u00ednka na ozdoben\u00ed<\/p>\n<p><strong>Postup:<\/strong><br \/>\nV m\u00edse prom\u00edch\u00e1me mouku, cukr, sodu bikarbonu, sko\u0159ici a h\u0159eb\u00ed\u010dek.<br \/>\nP\u0159id\u00e1me zm\u011bkl\u00fd tuk, med a roz\u0161lehan\u00e9 vejce a vypracujeme tuh\u00e9 t\u011bsto.<br \/>\nVypracovan\u00e9 t\u011bsto zabal\u00edme do potravinov\u00e9 f\u00f3lie a nech\u00e1me ide\u00e1ln\u011b p\u0159es noc v ledni\u010dce.<br \/>\nNa druh\u00fd den ho na r\u00fd\u017eovou moukou pomou\u010den\u00e9 desce vyv\u00e1l\u00edme, vykrajujeme pern\u00ed\u010dky r\u016fzn\u00fdch tvar\u016f a ozdob\u00edme je o\u0159echy nebo sem\u00ednky.<br \/>\nPe\u010deme je v p\u0159edeh\u0159\u00e1t\u00e9 troub\u011b na 180 stup\u0148\u016f asi 10 minut dozlatova.<\/p>\n<p>Tyto pern\u00ed\u010dky jsou m\u011bkkou\u010dk\u00e9 a maj\u00ed dlouhou trvanlivost, v uzav\u0159en\u00e9 n\u00e1dob\u011b i 2-3 t\u00fddny.<\/p>\n","protected":false},"excerpt":{"rendered":"<p>Pot\u0159ebujeme: 400 g bezlepkov\u00e9 mouky (kombinovali jsme 250 g kuku\u0159i\u010dn\u00e9 polohrub\u00e9 a 150 g r\u00fd\u017eov\u00e9) 150 g mou\u010dkov\u00e9ho cukru 60 g rostlinn\u00e9ho tuku do t\u011bsta 2 cel\u00e9 vejce 100 g medu 1 \u010cL mlet\u00e9ho h\u0159eb\u00ed\u010dku 1 \u010cL mlet\u00e9 sko\u0159ice 1 \u010cL sody bikarbony &amp; o\u0159echy, slune\u010dnicov\u00e1 sem\u00ednka na ozdoben\u00ed Postup: V m\u00edse prom\u00edch\u00e1me mouku, cukr, [&hellip;]<\/p>\n","protected":false},"author":923,"featured_media":7053,"comment_status":"closed","ping_status":"closed","sticky":false,"template":"","format":"standard","meta":[],"categories":[208,207],"tags":[],"yoast_head":"<!-- This site is optimized with the Yoast SEO plugin v15.7 - https:\/\/yoast.com\/wordpress\/plugins\/seo\/ -->\n<title>M\u011bkk\u00e9 pern\u00ed\u010dky z kuku\u0159i\u010dn\u00e9 mouky - Novalim<\/title>\n<meta name=\"description\" content=\"Dnes sme si p\u0159ipavili m\u011bkk\u00e9 pern\u00ed\u010dky z kuku\u0159i\u010dn\u00e9 mouky, trochu jin\u00fd recept ne\u017e jsme zvykl\u00fd. Tak so p\u0159inout\u00ed v\u00e1s zvedavost vyskou\u0161et je taky? :)\" \/>\n<meta name=\"robots\" content=\"index, follow, max-snippet:-1, max-image-preview:large, max-video-preview:-1\" \/>\n<link rel=\"canonical\" href=\"https:\/\/novalimglutenfree.com\/cs\/mekke-pernicky-z-kukuricne-mouky\/\" \/>\n<meta property=\"og:locale\" content=\"cs_CZ\" \/>\n<meta property=\"og:type\" content=\"article\" \/>\n<meta property=\"og:title\" content=\"M\u011bkk\u00e9 pern\u00ed\u010dky z kuku\u0159i\u010dn\u00e9 mouky - Novalim\" \/>\n<meta property=\"og:description\" content=\"Dnes sme si p\u0159ipavili m\u011bkk\u00e9 pern\u00ed\u010dky z kuku\u0159i\u010dn\u00e9 mouky, trochu jin\u00fd recept ne\u017e jsme zvykl\u00fd. Tak so p\u0159inout\u00ed v\u00e1s zvedavost vyskou\u0161et je taky? :)\" \/>\n<meta property=\"og:url\" content=\"https:\/\/novalimglutenfree.com\/cs\/mekke-pernicky-z-kukuricne-mouky\/\" \/>\n<meta property=\"og:site_name\" content=\"Novalim\" \/>\n<meta property=\"article:published_time\" content=\"2016-11-29T21:37:01+00:00\" \/>\n<meta property=\"article:modified_time\" content=\"2017-05-29T15:38:46+00:00\" \/>\n<meta property=\"og:image\" content=\"https:\/\/novalimglutenfree.com\/wp-content\/uploads\/2016\/11\/DSC_6584-scaled.jpg\" \/>\n\t<meta property=\"og:image:width\" content=\"2560\" \/>\n\t<meta property=\"og:image:height\" content=\"1707\" \/>\n<meta name=\"twitter:card\" content=\"summary\" \/>\n<meta name=\"twitter:label1\" content=\"Odhadovan\u00e1 doba \u010dten\u00ed\">\n\t<meta name=\"twitter:data1\" content=\"1 minuta\">\n<script type=\"application\/ld+json\" class=\"yoast-schema-graph\">{\"@context\":\"https:\/\/schema.org\",\"@graph\":[{\"@type\":\"WebSite\",\"@id\":\"https:\/\/www.novalimglutenfree.com\/de\/#website\",\"url\":\"https:\/\/www.novalimglutenfree.com\/de\/\",\"name\":\"Novalim\",\"description\":\"Bezlepkov\\u00e9 potraviny, bezlepkov\\u00e9 recepty, celiakia, PKU\",\"potentialAction\":[{\"@type\":\"SearchAction\",\"target\":\"https:\/\/www.novalimglutenfree.com\/de\/?s={search_term_string}\",\"query-input\":\"required name=search_term_string\"}],\"inLanguage\":\"cs\"},{\"@type\":\"ImageObject\",\"@id\":\"https:\/\/novalimglutenfree.com\/cs\/mekke-pernicky-z-kukuricne-mouky\/#primaryimage\",\"inLanguage\":\"cs\",\"url\":\"https:\/\/novalimglutenfree.com\/wp-content\/uploads\/2016\/11\/DSC_6584-scaled.jpg\",\"width\":2560,\"height\":1707},{\"@type\":\"WebPage\",\"@id\":\"https:\/\/novalimglutenfree.com\/cs\/mekke-pernicky-z-kukuricne-mouky\/#webpage\",\"url\":\"https:\/\/novalimglutenfree.com\/cs\/mekke-pernicky-z-kukuricne-mouky\/\",\"name\":\"M\\u011bkk\\u00e9 pern\\u00ed\\u010dky z kuku\\u0159i\\u010dn\\u00e9 mouky - Novalim\",\"isPartOf\":{\"@id\":\"https:\/\/www.novalimglutenfree.com\/de\/#website\"},\"primaryImageOfPage\":{\"@id\":\"https:\/\/novalimglutenfree.com\/cs\/mekke-pernicky-z-kukuricne-mouky\/#primaryimage\"},\"datePublished\":\"2016-11-29T21:37:01+00:00\",\"dateModified\":\"2017-05-29T15:38:46+00:00\",\"author\":{\"@id\":\"https:\/\/www.novalimglutenfree.com\/de\/#\/schema\/person\/ed75de4c3b31e9d4367b674899e669c8\"},\"description\":\"Dnes sme si p\\u0159ipavili m\\u011bkk\\u00e9 pern\\u00ed\\u010dky z kuku\\u0159i\\u010dn\\u00e9 mouky, trochu jin\\u00fd recept ne\\u017e jsme zvykl\\u00fd. Tak so p\\u0159inout\\u00ed v\\u00e1s zvedavost vyskou\\u0161et je taky? :)\",\"inLanguage\":\"cs\",\"potentialAction\":[{\"@type\":\"ReadAction\",\"target\":[\"https:\/\/novalimglutenfree.com\/cs\/mekke-pernicky-z-kukuricne-mouky\/\"]}]},{\"@type\":\"Person\",\"@id\":\"https:\/\/www.novalimglutenfree.com\/de\/#\/schema\/person\/ed75de4c3b31e9d4367b674899e669c8\",\"name\":\"Michaela\",\"description\":\"Michaela sa u\\u017e nieko\\u013eko rokov venuje blogovaniu o jedle a pe\\u010den\\u00ed, je hobby cukr\\u00e1rka a v\\u00fdvoj\\u00e1rka receptov. Ak s\\u00fa t\\u00e9my, ktor\\u00e9 v\\u00e1s obzvl\\u00e1\\u0161\\u0165 zauj\\u00edmaj\\u00fa, alebo sa potrebujete poradi\\u0165 o bezlepkovom pe\\u010den\\u00ed a varen\\u00ed alebo o na\\u0161ich produktoch, nev\\u00e1hajte n\\u00e1s kontaktova\\u0165 na na\\u0161om facebookovom profile.\"}]}<\/script>\n<!-- \/ Yoast SEO plugin. -->","_links":{"self":[{"href":"https:\/\/novalimglutenfree.com\/cs\/wp-json\/wp\/v2\/posts\/7051"}],"collection":[{"href":"https:\/\/novalimglutenfree.com\/cs\/wp-json\/wp\/v2\/posts"}],"about":[{"href":"https:\/\/novalimglutenfree.com\/cs\/wp-json\/wp\/v2\/types\/post"}],"author":[{"embeddable":true,"href":"https:\/\/novalimglutenfree.com\/cs\/wp-json\/wp\/v2\/users\/923"}],"replies":[{"embeddable":true,"href":"https:\/\/novalimglutenfree.com\/cs\/wp-json\/wp\/v2\/comments?post=7051"}],"version-history":[{"count":3,"href":"https:\/\/novalimglutenfree.com\/cs\/wp-json\/wp\/v2\/posts\/7051\/revisions"}],"predecessor-version":[{"id":7061,"href":"https:\/\/novalimglutenfree.com\/cs\/wp-json\/wp\/v2\/posts\/7051\/revisions\/7061"}],"wp:featuredmedia":[{"embeddable":true,"href":"https:\/\/novalimglutenfree.com\/cs\/wp-json\/wp\/v2\/media\/7053"}],"wp:attachment":[{"href":"https:\/\/novalimglutenfree.com\/cs\/wp-json\/wp\/v2\/media?parent=7051"}],"wp:term":[{"taxonomy":"category","embeddable":true,"href":"https:\/\/novalimglutenfree.com\/cs\/wp-json\/wp\/v2\/categories?post=7051"},{"taxonomy":"post_tag","embeddable":true,"href":"https:\/\/novalimglutenfree.com\/cs\/wp-json\/wp\/v2\/tags?post=7051"}],"curies":[{"name":"wp","href":"https:\/\/api.w.org\/{rel}","templated":true}]}}