{"id":6954,"date":"2016-12-02T17:02:50","date_gmt":"2016-12-02T15:02:50","guid":{"rendered":"http:\/\/novalimglutenfree.com\/slane-krekry-pracliky-bez-lepku\/"},"modified":"2017-05-29T15:53:12","modified_gmt":"2017-05-29T13:53:12","slug":"slane-krekry-a-pracliky-bez-lepku","status":"publish","type":"post","link":"https:\/\/novalimglutenfree.com\/cs\/slane-krekry-a-pracliky-bez-lepku\/","title":{"rendered":"Slan\u00e9 krekry a pracl\u00edky bez lepku"},"content":{"rendered":"<p>Chladn\u00e9 p\u0159edv\u00e1no\u010dn\u00ed ve\u010dery si n\u011bkdy p\u0159\u00edmo \u017e\u00e1daj\u00ed sva\u0159en\u00e9 v\u00ednko, von\u00edc\u00ed po sko\u0159ici a h\u0159eb\u00ed\u010dc\u00edch. A nev\u00edm jak vy, ale my si r\u00e1di k tomu v\u00ednku n\u011bco zobneme. Tentokr\u00e1t jsme si p\u0159ipravili slan\u00e9 krekry s \u010dervenou mletou paprikou, s ln\u011bn\u00fdmi sem\u00ednky a strouhan\u00fdm s\u00fdrem. Ze stejn\u00e9ho t\u011bsta si m\u016f\u017eete up\u00e9ct nap\u0159\u00edklad i slan\u00e9 precl\u00ed\u010dky s km\u00ednem.<\/p>\n<p>Na jeho v\u00fdrobu jsme pou\u017eili na\u0161i sm\u011bs <a href=\"http:\/\/czshop.novalim.net\/obchod\/mouky\/bezlepkove-moucne-smesi-promix\/promix-beta-racionalna-mineralizovana-bezglutenova-muka\/\">Promix BETA<\/a>. Je to skv\u011bl\u00e1 bezlepkov\u00e1 sm\u011bs, d\u00edky kter\u00e9 se s t\u011bstem v\u00fdborn\u011b pracuje a d\u00e1 se velmi dob\u0159e tvarovat. Vyzkou\u0161ejte!<\/p>\n<p><strong>Pot\u0159ebujeme:<\/strong><br \/>\n250 g bezlepkov\u00e9 sm\u011bsi <a href=\"http:\/\/czshop.novalim.net\/obchod\/mouky\/bezlepkove-moucne-smesi-promix\/promix-beta-racionalna-mineralizovana-bezglutenova-muka\/\">Promix BETA<\/a><br \/>\n75 g strouhan\u00e9ho s\u00fdra<br \/>\n125 g m\u00e1sla nebo rostlinn\u00e9ho tuku do t\u011bsta<br \/>\n1\/2 bal\u00ed\u010dku kyp\u0159\u00edc\u00edho pr\u00e1\u0161ku do pe\u010diva<br \/>\n125 ml \u0161leha\u010dkov\u00e9 smetany<br \/>\n1 mal\u00e1 l\u017ei\u010dka soli<\/p>\n<p><strong>Na ozdoben\u00ed a pot\u0159en\u00ed: <\/strong><br \/>\n1 roz\u0161lehan\u00e9 vaj\u00ed\u010dko, strouhan\u00fd s\u00fdr, \u010derven\u00e1 paprika v pr\u00e1\u0161ku, km\u00edn, ln\u011bn\u00e1 sem\u00ednka a pod.<\/p>\n<div id=\"attachment_7027\" style=\"width: 208px\" class=\"wp-caption alignnone\"><a href=\"http:\/\/novalimglutenfree.com\/wp-content\/uploads\/2016\/12\/slan\u00e9-krekry.jpg\"><img aria-describedby=\"caption-attachment-7027\" loading=\"lazy\" class=\"size-full wp-image-7027\" src=\"http:\/\/novalimglutenfree.com\/wp-content\/uploads\/2016\/12\/slan\u00e9-krekry.jpg\" alt=\"\" width=\"198\" height=\"296\" \/><\/a><p id=\"caption-attachment-7027\" class=\"wp-caption-text\">Slan\u00e9 krekry<\/p><\/div>\n<p><strong>Postup:<\/strong><br \/>\nV\u0161echny suroviny v misce zpracujeme na kompaktn\u00ed t\u011bsto. T\u011bsto bude trochu lepiv\u00e9. Zabal\u00edme ho do potravinov\u00e9 f\u00f3lie a nech\u00e1me v lednici odpo\u010d\u00edvat minim\u00e1ln\u011b hodinu, klidn\u011b v\u0161ak i p\u0159es noc.<br \/>\nZ odpo\u010dinut\u00e9ho t\u011bsta na desce, kterou jsme pomou\u010dili <a href=\"http:\/\/czshop.novalim.net\/obchod\/mouky\/bezlepkove-moucne-smesi-promix\/promix-beta-racionalna-mineralizovana-bezglutenova-muka\/\">BETA sm\u011bs\u00ed<\/a>, vyv\u00e1l\u00edme pl\u00e1t asi p\u016fl cm hrub\u00fd a vykrajujeme r\u016fzn\u00e9 tvary. Pokud chceme d\u011blat precl\u00edky, z t\u011bsta si odkrajujeme l\u017ei\u010dkou kousky, kter\u00e9 vykoul\u00edme do 15 cm dlouh\u00e9ho p\u00e1sku. Ten poskl\u00e1d\u00e1me do tvaru precl\u00edku.<br \/>\nVykrojen\u00e9 krekry nebo precl\u00edky d\u00e1me na plech vystlan\u00fd pap\u00edrem na pe\u010den\u00ed, pot\u0159eme roz\u0161lehan\u00fdm vejcem, posypeme libovolnou drobenkou a pe\u010deme ve vyh\u0159\u00e1t\u00e9 troub\u011b na 180 stup\u0148\u016f \u00a0asi 15 minut dozlatova.<\/p>\n","protected":false},"excerpt":{"rendered":"<p>Chladn\u00e9 p\u0159edv\u00e1no\u010dn\u00ed ve\u010dery si n\u011bkdy p\u0159\u00edmo \u017e\u00e1daj\u00ed sva\u0159en\u00e9 v\u00ednko, von\u00edc\u00ed po sko\u0159ici a h\u0159eb\u00ed\u010dc\u00edch. A nev\u00edm jak vy, ale my si r\u00e1di k tomu v\u00ednku n\u011bco zobneme. Tentokr\u00e1t jsme si p\u0159ipravili slan\u00e9 krekry s \u010dervenou mletou paprikou, s ln\u011bn\u00fdmi sem\u00ednky a strouhan\u00fdm s\u00fdrem. Ze stejn\u00e9ho t\u011bsta si m\u016f\u017eete up\u00e9ct nap\u0159\u00edklad i slan\u00e9 precl\u00ed\u010dky s km\u00ednem. [&hellip;]<\/p>\n","protected":false},"author":923,"featured_media":6956,"comment_status":"closed","ping_status":"closed","sticky":false,"template":"","format":"standard","meta":[],"categories":[208,207,29],"tags":[],"yoast_head":"<!-- This site is optimized with the Yoast SEO plugin v15.7 - https:\/\/yoast.com\/wordpress\/plugins\/seo\/ -->\n<title>Slan\u00e9 krekry a pracl\u00edky bez lepku - Novalim<\/title>\n<meta name=\"description\" content=\"Tentokr\u00e1t jsme si p\u0159ipravili slan\u00e9 krekry a pracl\u00edky bez lepku s \u010dervenou mletou paprikou, s ln\u011bn\u00fdmi sem\u00ednky a strouhan\u00fdm s\u00fdrem.\" \/>\n<meta name=\"robots\" content=\"index, follow, max-snippet:-1, max-image-preview:large, max-video-preview:-1\" \/>\n<link rel=\"canonical\" href=\"https:\/\/novalimglutenfree.com\/cs\/slane-krekry-a-pracliky-bez-lepku\/\" \/>\n<meta property=\"og:locale\" content=\"cs_CZ\" \/>\n<meta property=\"og:type\" content=\"article\" \/>\n<meta property=\"og:title\" content=\"Slan\u00e9 krekry a pracl\u00edky bez lepku - Novalim\" \/>\n<meta property=\"og:description\" content=\"Tentokr\u00e1t jsme si p\u0159ipravili slan\u00e9 krekry a pracl\u00edky bez lepku s \u010dervenou mletou paprikou, s ln\u011bn\u00fdmi sem\u00ednky a strouhan\u00fdm s\u00fdrem.\" \/>\n<meta property=\"og:url\" content=\"https:\/\/novalimglutenfree.com\/cs\/slane-krekry-a-pracliky-bez-lepku\/\" \/>\n<meta property=\"og:site_name\" content=\"Novalim\" \/>\n<meta property=\"article:published_time\" content=\"2016-12-02T15:02:50+00:00\" \/>\n<meta property=\"article:modified_time\" content=\"2017-05-29T13:53:12+00:00\" \/>\n<meta property=\"og:image\" content=\"https:\/\/novalimglutenfree.com\/wp-content\/uploads\/2016\/11\/PC014033-rotated.jpg\" \/>\n\t<meta property=\"og:image:width\" content=\"1280\" \/>\n\t<meta property=\"og:image:height\" content=\"1920\" \/>\n<meta name=\"twitter:card\" content=\"summary\" \/>\n<meta name=\"twitter:label1\" content=\"Odhadovan\u00e1 doba \u010dten\u00ed\">\n\t<meta name=\"twitter:data1\" content=\"2 minuty\">\n<script type=\"application\/ld+json\" class=\"yoast-schema-graph\">{\"@context\":\"https:\/\/schema.org\",\"@graph\":[{\"@type\":\"WebSite\",\"@id\":\"https:\/\/www.novalimglutenfree.com\/de\/#website\",\"url\":\"https:\/\/www.novalimglutenfree.com\/de\/\",\"name\":\"Novalim\",\"description\":\"Bezlepkov\\u00e9 potraviny, bezlepkov\\u00e9 recepty, celiakia, PKU\",\"potentialAction\":[{\"@type\":\"SearchAction\",\"target\":\"https:\/\/www.novalimglutenfree.com\/de\/?s={search_term_string}\",\"query-input\":\"required name=search_term_string\"}],\"inLanguage\":\"cs\"},{\"@type\":\"ImageObject\",\"@id\":\"https:\/\/novalimglutenfree.com\/cs\/slane-krekry-a-pracliky-bez-lepku\/#primaryimage\",\"inLanguage\":\"cs\",\"url\":\"https:\/\/novalimglutenfree.com\/wp-content\/uploads\/2016\/11\/PC014033-rotated.jpg\",\"width\":1280,\"height\":1920,\"caption\":\"Slane krekry bez lepku\"},{\"@type\":\"WebPage\",\"@id\":\"https:\/\/novalimglutenfree.com\/cs\/slane-krekry-a-pracliky-bez-lepku\/#webpage\",\"url\":\"https:\/\/novalimglutenfree.com\/cs\/slane-krekry-a-pracliky-bez-lepku\/\",\"name\":\"Slan\\u00e9 krekry a pracl\\u00edky bez lepku - Novalim\",\"isPartOf\":{\"@id\":\"https:\/\/www.novalimglutenfree.com\/de\/#website\"},\"primaryImageOfPage\":{\"@id\":\"https:\/\/novalimglutenfree.com\/cs\/slane-krekry-a-pracliky-bez-lepku\/#primaryimage\"},\"datePublished\":\"2016-12-02T15:02:50+00:00\",\"dateModified\":\"2017-05-29T13:53:12+00:00\",\"author\":{\"@id\":\"https:\/\/www.novalimglutenfree.com\/de\/#\/schema\/person\/ed75de4c3b31e9d4367b674899e669c8\"},\"description\":\"Tentokr\\u00e1t jsme si p\\u0159ipravili slan\\u00e9 krekry a pracl\\u00edky bez lepku s \\u010dervenou mletou paprikou, s ln\\u011bn\\u00fdmi sem\\u00ednky a strouhan\\u00fdm s\\u00fdrem.\",\"inLanguage\":\"cs\",\"potentialAction\":[{\"@type\":\"ReadAction\",\"target\":[\"https:\/\/novalimglutenfree.com\/cs\/slane-krekry-a-pracliky-bez-lepku\/\"]}]},{\"@type\":\"Person\",\"@id\":\"https:\/\/www.novalimglutenfree.com\/de\/#\/schema\/person\/ed75de4c3b31e9d4367b674899e669c8\",\"name\":\"Michaela\",\"description\":\"Michaela sa u\\u017e nieko\\u013eko rokov venuje blogovaniu o jedle a pe\\u010den\\u00ed, je hobby cukr\\u00e1rka a v\\u00fdvoj\\u00e1rka receptov. Ak s\\u00fa t\\u00e9my, ktor\\u00e9 v\\u00e1s obzvl\\u00e1\\u0161\\u0165 zauj\\u00edmaj\\u00fa, alebo sa potrebujete poradi\\u0165 o bezlepkovom pe\\u010den\\u00ed a varen\\u00ed alebo o na\\u0161ich produktoch, nev\\u00e1hajte n\\u00e1s kontaktova\\u0165 na na\\u0161om facebookovom profile.\"}]}<\/script>\n<!-- \/ Yoast SEO plugin. -->","_links":{"self":[{"href":"https:\/\/novalimglutenfree.com\/cs\/wp-json\/wp\/v2\/posts\/6954"}],"collection":[{"href":"https:\/\/novalimglutenfree.com\/cs\/wp-json\/wp\/v2\/posts"}],"about":[{"href":"https:\/\/novalimglutenfree.com\/cs\/wp-json\/wp\/v2\/types\/post"}],"author":[{"embeddable":true,"href":"https:\/\/novalimglutenfree.com\/cs\/wp-json\/wp\/v2\/users\/923"}],"replies":[{"embeddable":true,"href":"https:\/\/novalimglutenfree.com\/cs\/wp-json\/wp\/v2\/comments?post=6954"}],"version-history":[{"count":2,"href":"https:\/\/novalimglutenfree.com\/cs\/wp-json\/wp\/v2\/posts\/6954\/revisions"}],"predecessor-version":[{"id":7032,"href":"https:\/\/novalimglutenfree.com\/cs\/wp-json\/wp\/v2\/posts\/6954\/revisions\/7032"}],"wp:featuredmedia":[{"embeddable":true,"href":"https:\/\/novalimglutenfree.com\/cs\/wp-json\/wp\/v2\/media\/6956"}],"wp:attachment":[{"href":"https:\/\/novalimglutenfree.com\/cs\/wp-json\/wp\/v2\/media?parent=6954"}],"wp:term":[{"taxonomy":"category","embeddable":true,"href":"https:\/\/novalimglutenfree.com\/cs\/wp-json\/wp\/v2\/categories?post=6954"},{"taxonomy":"post_tag","embeddable":true,"href":"https:\/\/novalimglutenfree.com\/cs\/wp-json\/wp\/v2\/tags?post=6954"}],"curies":[{"name":"wp","href":"https:\/\/api.w.org\/{rel}","templated":true}]}}