{"id":11284,"date":"2019-12-13T23:56:14","date_gmt":"2019-12-13T21:56:14","guid":{"rendered":"http:\/\/novalimglutenfree.com\/?p=11284\/"},"modified":"2019-12-13T23:56:14","modified_gmt":"2019-12-13T21:56:14","slug":"jablecny-kolac-krehkeho-testa","status":"publish","type":"post","link":"https:\/\/novalimglutenfree.com\/cs\/jablecny-kolac-krehkeho-testa\/","title":{"rendered":"Jable\u010dn\u00fd kol\u00e1\u010d z k\u0159ehk\u00e9ho t\u011bsta"},"content":{"rendered":"<p>Dobr\u00fd jable\u010dn\u00fd kol\u00e1\u010d se d\u00e1 p\u00e9ct b\u011bhem cel\u00e9ho roku. D\u00edky tomu, \u017ee jabl\u00ed\u010dka jsou u n\u00e1s snad nejb\u011b\u017en\u011bj\u0161\u00edm ovocem. Dnes m\u00e1me pro v\u00e1s tip na bezlepkov\u00fd jable\u010dn\u00fd kol\u00e1\u010d, jeho\u017e k\u0159ehk\u00e9 t\u011bsto si p\u0159iprav\u00edte doma z na\u0161\u00ed bezlepkov\u00e9 mouky Promix.<!--more--><\/p>\n<h2>Bezlepkov\u00fd jable\u010dn\u00fd kol\u00e1\u010d z k\u0159ehk\u00e9ho t\u011bsta<\/h2>\n<p>Na k\u0159ehk\u00e9 t\u011bsto:<\/p>\n<p>450 g <a href=\"http:\/\/novalimglutenfree.com\/obchod\/muky\/bezglutenove-mucne-zmesi\/promix-pk-special-bezlepkova-zmes-na-pecivo-2\/\" target=\"_blank\" rel=\"noopener noreferrer\">Promix PK nebo Promix PK speci\u00e1l<\/a><\/p>\n<p>6 \u017eloutk\u016f<\/p>\n<p>2 PL ledov\u00e9 vody<\/p>\n<p>250 g studen\u00e9ho m\u00e1sla nakr\u00e1jen\u00e9ho na kostky<\/p>\n<p>160 g mou\u010dkov\u00e9ho cukru<\/p>\n<p>&nbsp;<\/p>\n<p>Na n\u00e1pl\u0148:<\/p>\n<p>1 kg jablek<\/p>\n<p>2 bal\u00ed\u010dky sko\u0159icov\u00e9ho cukru<\/p>\n<p>1 s\u00e1\u010dek vanilkov\u00e9ho cukru<\/p>\n<p>3-4 PL krupicov\u00e9ho cukru<\/p>\n<p>\u00bd dcl vody<\/p>\n<p>Hrst najemno nasekan\u00fdch vla\u0161sk\u00fdch o\u0159ech\u016f<\/p>\n<p>Mou\u010dkov\u00fd cukr na posyp\u00e1n\u00ed<\/p>\n<p>&nbsp;<\/p>\n<p>Postup:<\/p>\n<p>Nejprve si p\u0159iprav\u00edme k\u0159ehk\u00e9 t\u011bsto. V kuchy\u0148sk\u00e9m robotu nebo pomoc\u00ed mix\u00e9ru sm\u00edch\u00e1me mouku Promix PK nebo PK speci\u00e1l, m\u00e1slo a pr\u00e1\u0161kov\u00fd cukr. Sm\u011bs by m\u011bla p\u0159ipom\u00ednat jemnou strouhanku. B\u011bhem m\u00edch\u00e1n\u00ed pak p\u0159id\u00e1me \u017eloutky. P\u0159ilijeme ledovou vodu a m\u00edch\u00e1me d\u00e1l, dokud se t\u011bsto nespoj\u00ed. P\u0159eneseme t\u011bsto na pomou\u010den\u00fd pracovn\u00ed desku, prohn\u011bteme zlehka ru\u010dn\u011b a vytvarujeme ho do koule. Ulo\u017e\u00edme do plastov\u00e9 n\u00e1doby a d\u00e1me na hodinu do chladni\u010dky.<!--more--><\/p>\n<p>Tento jable\u010dn\u00fd kol\u00e1\u010d je jedn\u00edm z mnoha recept\u016f bez lepku, kter\u00e9 jsme pro v\u00e1s vyzkou\u0161eli. Prolistujte si n\u00e1\u0161 vitru\u00e1lny recept\u00e1\u0159 a inspirujte se i <a href=\"http:\/\/novalimglutenfree.com\/cs\/recepty\/\" target=\"_blank\" rel=\"noopener noreferrer\">dal\u0161\u00edmi recepty.<\/a><\/p>\n","protected":false},"excerpt":{"rendered":"<p>Dobr\u00fd jable\u010dn\u00fd kol\u00e1\u010d se d\u00e1 p\u00e9ct b\u011bhem cel\u00e9ho roku. D\u00edky tomu, \u017ee jabl\u00ed\u010dka jsou u n\u00e1s snad nejb\u011b\u017en\u011bj\u0161\u00edm ovocem. Dnes m\u00e1me pro v\u00e1s tip na bezlepkov\u00fd jable\u010dn\u00fd kol\u00e1\u010d, jeho\u017e k\u0159ehk\u00e9 t\u011bsto si p\u0159iprav\u00edte doma z na\u0161\u00ed bezlepkov\u00e9 mouky Promix.<\/p>\n","protected":false},"author":923,"featured_media":11285,"comment_status":"closed","ping_status":"closed","sticky":false,"template":"","format":"standard","meta":[],"categories":[208,207],"tags":[],"yoast_head":"<!-- This site is optimized with the Yoast SEO plugin v15.7 - https:\/\/yoast.com\/wordpress\/plugins\/seo\/ -->\n<title>Jable\u010dn\u00fd kol\u00e1\u010d z k\u0159ehk\u00e9ho t\u011bsta - Novalim<\/title>\n<meta name=\"robots\" content=\"index, follow, max-snippet:-1, max-image-preview:large, max-video-preview:-1\" \/>\n<link rel=\"canonical\" href=\"https:\/\/novalimglutenfree.com\/cs\/jablecny-kolac-krehkeho-testa\/\" \/>\n<meta property=\"og:locale\" content=\"cs_CZ\" \/>\n<meta property=\"og:type\" content=\"article\" \/>\n<meta property=\"og:title\" content=\"Jable\u010dn\u00fd kol\u00e1\u010d z k\u0159ehk\u00e9ho t\u011bsta - Novalim\" \/>\n<meta property=\"og:description\" content=\"Dobr\u00fd jable\u010dn\u00fd kol\u00e1\u010d se d\u00e1 p\u00e9ct b\u011bhem cel\u00e9ho roku. D\u00edky tomu, \u017ee jabl\u00ed\u010dka jsou u n\u00e1s snad nejb\u011b\u017en\u011bj\u0161\u00edm ovocem. Dnes m\u00e1me pro v\u00e1s tip na bezlepkov\u00fd jable\u010dn\u00fd kol\u00e1\u010d, jeho\u017e k\u0159ehk\u00e9 t\u011bsto si p\u0159iprav\u00edte doma z na\u0161\u00ed bezlepkov\u00e9 mouky Promix.\" \/>\n<meta property=\"og:url\" content=\"https:\/\/novalimglutenfree.com\/cs\/jablecny-kolac-krehkeho-testa\/\" \/>\n<meta property=\"og:site_name\" content=\"Novalim\" \/>\n<meta property=\"article:published_time\" content=\"2019-12-13T21:56:14+00:00\" \/>\n<meta property=\"og:image\" content=\"https:\/\/novalimglutenfree.com\/wp-content\/uploads\/2019\/12\/pite1.jpg\" \/>\n\t<meta property=\"og:image:width\" content=\"590\" \/>\n\t<meta property=\"og:image:height\" content=\"333\" \/>\n<meta name=\"twitter:card\" content=\"summary\" \/>\n<meta name=\"twitter:label1\" content=\"Odhadovan\u00e1 doba \u010dten\u00ed\">\n\t<meta name=\"twitter:data1\" content=\"1 minuta\">\n<script type=\"application\/ld+json\" class=\"yoast-schema-graph\">{\"@context\":\"https:\/\/schema.org\",\"@graph\":[{\"@type\":\"WebSite\",\"@id\":\"https:\/\/www.novalimglutenfree.com\/de\/#website\",\"url\":\"https:\/\/www.novalimglutenfree.com\/de\/\",\"name\":\"Novalim\",\"description\":\"Bezlepkov\\u00e9 potraviny, bezlepkov\\u00e9 recepty, celiakia, PKU\",\"potentialAction\":[{\"@type\":\"SearchAction\",\"target\":\"https:\/\/www.novalimglutenfree.com\/de\/?s={search_term_string}\",\"query-input\":\"required name=search_term_string\"}],\"inLanguage\":\"cs\"},{\"@type\":\"ImageObject\",\"@id\":\"https:\/\/novalimglutenfree.com\/cs\/jablecny-kolac-krehkeho-testa\/#primaryimage\",\"inLanguage\":\"cs\",\"url\":\"https:\/\/novalimglutenfree.com\/wp-content\/uploads\/2019\/12\/pite1.jpg\",\"width\":590,\"height\":333,\"caption\":\"Bezlepkov\\u00fd jable\\u010dn\\u00fd kol\\u00e1\\u010d\"},{\"@type\":\"WebPage\",\"@id\":\"https:\/\/novalimglutenfree.com\/cs\/jablecny-kolac-krehkeho-testa\/#webpage\",\"url\":\"https:\/\/novalimglutenfree.com\/cs\/jablecny-kolac-krehkeho-testa\/\",\"name\":\"Jable\\u010dn\\u00fd kol\\u00e1\\u010d z k\\u0159ehk\\u00e9ho t\\u011bsta - Novalim\",\"isPartOf\":{\"@id\":\"https:\/\/www.novalimglutenfree.com\/de\/#website\"},\"primaryImageOfPage\":{\"@id\":\"https:\/\/novalimglutenfree.com\/cs\/jablecny-kolac-krehkeho-testa\/#primaryimage\"},\"datePublished\":\"2019-12-13T21:56:14+00:00\",\"dateModified\":\"2019-12-13T21:56:14+00:00\",\"author\":{\"@id\":\"https:\/\/www.novalimglutenfree.com\/de\/#\/schema\/person\/ed75de4c3b31e9d4367b674899e669c8\"},\"inLanguage\":\"cs\",\"potentialAction\":[{\"@type\":\"ReadAction\",\"target\":[\"https:\/\/novalimglutenfree.com\/cs\/jablecny-kolac-krehkeho-testa\/\"]}]},{\"@type\":\"Person\",\"@id\":\"https:\/\/www.novalimglutenfree.com\/de\/#\/schema\/person\/ed75de4c3b31e9d4367b674899e669c8\",\"name\":\"Michaela\",\"description\":\"Michaela sa u\\u017e nieko\\u013eko rokov venuje blogovaniu o jedle a pe\\u010den\\u00ed, je hobby cukr\\u00e1rka a v\\u00fdvoj\\u00e1rka receptov. Ak s\\u00fa t\\u00e9my, ktor\\u00e9 v\\u00e1s obzvl\\u00e1\\u0161\\u0165 zauj\\u00edmaj\\u00fa, alebo sa potrebujete poradi\\u0165 o bezlepkovom pe\\u010den\\u00ed a varen\\u00ed alebo o na\\u0161ich produktoch, nev\\u00e1hajte n\\u00e1s kontaktova\\u0165 na na\\u0161om facebookovom profile.\"}]}<\/script>\n<!-- \/ Yoast SEO plugin. -->","_links":{"self":[{"href":"https:\/\/novalimglutenfree.com\/cs\/wp-json\/wp\/v2\/posts\/11284"}],"collection":[{"href":"https:\/\/novalimglutenfree.com\/cs\/wp-json\/wp\/v2\/posts"}],"about":[{"href":"https:\/\/novalimglutenfree.com\/cs\/wp-json\/wp\/v2\/types\/post"}],"author":[{"embeddable":true,"href":"https:\/\/novalimglutenfree.com\/cs\/wp-json\/wp\/v2\/users\/923"}],"replies":[{"embeddable":true,"href":"https:\/\/novalimglutenfree.com\/cs\/wp-json\/wp\/v2\/comments?post=11284"}],"version-history":[{"count":1,"href":"https:\/\/novalimglutenfree.com\/cs\/wp-json\/wp\/v2\/posts\/11284\/revisions"}],"predecessor-version":[{"id":11290,"href":"https:\/\/novalimglutenfree.com\/cs\/wp-json\/wp\/v2\/posts\/11284\/revisions\/11290"}],"wp:featuredmedia":[{"embeddable":true,"href":"https:\/\/novalimglutenfree.com\/cs\/wp-json\/wp\/v2\/media\/11285"}],"wp:attachment":[{"href":"https:\/\/novalimglutenfree.com\/cs\/wp-json\/wp\/v2\/media?parent=11284"}],"wp:term":[{"taxonomy":"category","embeddable":true,"href":"https:\/\/novalimglutenfree.com\/cs\/wp-json\/wp\/v2\/categories?post=11284"},{"taxonomy":"post_tag","embeddable":true,"href":"https:\/\/novalimglutenfree.com\/cs\/wp-json\/wp\/v2\/tags?post=11284"}],"curies":[{"name":"wp","href":"https:\/\/api.w.org\/{rel}","templated":true}]}}