{"id":11180,"date":"2019-11-15T13:30:37","date_gmt":"2019-11-15T11:30:37","guid":{"rendered":"http:\/\/novalimglutenfree.com\/?p=11180\/"},"modified":"2019-11-29T11:47:45","modified_gmt":"2019-11-29T09:47:45","slug":"bezlepkove-zapekane-chlebicky-panini","status":"publish","type":"post","link":"https:\/\/novalimglutenfree.com\/cs\/bezlepkove-zapekane-chlebicky-panini\/","title":{"rendered":"Bezlepkov\u00e9 zap\u00e9kan\u00e9 chleb\u00ed\u010dky Panini"},"content":{"rendered":"<p>Pokud v\u00e1m zbyl doma <a href=\"http:\/\/novalimglutenfree.com\/cs\/kategoria-produktu\/chleb-pecivo-cs\/bezlepkovy-chleb-pecivo-cs\/\">bezlepkov\u00fd chl\u00e9b Novalim<\/a> a p\u0159em\u00fd\u0161l\u00edte, zda je je\u0161t\u011b \u010derstv\u00fd, m\u016f\u017eete si z\u00a0n\u011bj p\u0159ipravit bezlepkov\u00e9 zap\u00e9kan\u00e9 chleb\u00ed\u010dky Panini. Italov\u00e9, velc\u00ed gurm\u00e1ni, v\u011bd\u00ed co je dobr\u00e9 a stejn\u011b tak dobr\u00e9 jsou i tyto chleb\u00ed\u010dky. P\u0159ipravit si je bude um\u011bt i za\u010d\u00e1te\u010dn\u00edk.<!--more--><\/p>\n<h2>Bezlepkov\u00e9 zap\u00e9kan\u00e9 chleb\u00ed\u010dky Panini<\/h2>\n<p><strong>Pot\u0159ebujeme:<\/strong><\/p>\n<ul>\n<li>Olivov\u00fd olej<\/li>\n<li>Mozzarella<\/li>\n<li>Prosciuttocrudo( nebo mortadella nebo oby\u010dejn\u00e9 \u0161unka)<\/li>\n<li>l\u00edstky bazalky<\/li>\n<li>raj\u010data velk\u00e9<\/li>\n<li>pesto ze su\u0161en\u00fdch raj\u010dat ( dom\u00e1c\u00ed nebo koupen\u00e9)<\/li>\n<li><a href=\"http:\/\/novalimglutenfree.com\/cs\/kategoria-produktu\/chleb-pecivo-cs\/bezlepkovy-chleb-pecivo-cs\/\">\u00a0bezlepkov\u00fd chl\u00e9b Novalim<\/a><\/li>\n<\/ul>\n<p><strong>Postup:<\/strong><\/p>\n<ul>\n<li>Ob\u011b vnit\u0159n\u00ed strany kraj\u00edc\u016f chleba pot\u0159eme olivov\u00fdm olejem.<\/li>\n<li>Spodn\u00ed kraj\u00edc nat\u0159eme po cel\u00e9 plo\u0161e pestem ze su\u0161en\u00fdch raj\u010dat.<\/li>\n<li>Poklademe pl\u00e1tky \u0161unky, mozzarelly, raj\u010dat a na vrch p\u0159id\u00e1me alespo\u0148 \u010dty\u0159i l\u00edstky bazalky.<\/li>\n<li>Zakryjeme druh\u00fdm kraj\u00edcem chleba, svrchu je\u0161t\u011b pot\u0159eme trochou olivov\u00e9ho oleje a zap\u00e9k\u00e1me nejl\u00e9pe na kontaktn\u00edm grilu, dokud se toast neslep\u00ed a nezape\u010de dok\u0159upava (\u010das zap\u00e9k\u00e1n\u00ed z\u00e1vis\u00ed na grilu).<\/li>\n<li>P\u0159\u00edpadn\u011b m\u016f\u017eeme pou\u017e\u00edt i toaster nebo zap\u00e9ct chl\u00e9b v troub\u011b na plechu vystlan\u00e9m pap\u00edrem na pe\u010den\u00ed.<\/li>\n<\/ul>\n<div id=\"attachment_9456\" style=\"width: 310px\" class=\"wp-caption alignnone\"><a href=\"http:\/\/novalimglutenfree.com\/wp-content\/uploads\/2018\/08\/panini3.jpg\"><img aria-describedby=\"caption-attachment-9456\" loading=\"lazy\" class=\"wp-image-9456 size-medium\" src=\"http:\/\/novalimglutenfree.com\/wp-content\/uploads\/2018\/08\/panini3-300x169.jpg\" alt=\"Bezlepkov\u00e9 zap\u00e9kan\u00e9 chleb\u00ed\u010dky\" width=\"300\" height=\"169\" \/><\/a><p id=\"caption-attachment-9456\" class=\"wp-caption-text\">Bezlepkov\u00e9 zap\u00e9kan\u00e9 chleb\u00ed\u010dky<\/p><\/div>\n<p><strong>\u00a0<\/strong><\/p>\n","protected":false},"excerpt":{"rendered":"<p>Pokud v\u00e1m zbyl doma bezlepkov\u00fd chl\u00e9b Novalim a p\u0159em\u00fd\u0161l\u00edte, zda je je\u0161t\u011b \u010derstv\u00fd, m\u016f\u017eete si z\u00a0n\u011bj p\u0159ipravit bezlepkov\u00e9 zap\u00e9kan\u00e9 chleb\u00ed\u010dky Panini. Italov\u00e9, velc\u00ed gurm\u00e1ni, v\u011bd\u00ed co je dobr\u00e9 a stejn\u011b tak dobr\u00e9 jsou i tyto chleb\u00ed\u010dky. P\u0159ipravit si je bude um\u011bt i za\u010d\u00e1te\u010dn\u00edk.<\/p>\n","protected":false},"author":1239,"featured_media":9451,"comment_status":"closed","ping_status":"closed","sticky":false,"template":"","format":"standard","meta":[],"categories":[207],"tags":[],"yoast_head":"<!-- This site is optimized with the Yoast SEO plugin v15.7 - https:\/\/yoast.com\/wordpress\/plugins\/seo\/ -->\n<title>Bezlepkov\u00e9 zap\u00e9kan\u00e9 chleb\u00ed\u010dky Panini - Novalim<\/title>\n<meta name=\"description\" content=\"Pokud v\u00e1m zbyl doma bezlepkov\u00fd chl\u00e9b Novalim a p\u0159em\u00fd\u0161l\u00edte, zda je je\u0161t\u011b \u010derstv\u00fd, m\u016f\u017eete si z\u00a0n\u011bj p\u0159ipravit bezlepkov\u00e9 zap\u00e9kan\u00e9 chleb\u00ed\u010dky Panini. Italov\u00e9, velc\u00ed gurm\u00e1ni, v\u011bd\u00ed co je dobr\u00e9 a stejn\u011b tak dobr\u00e9 jsou i tyto chleb\u00ed\u010dky.\" \/>\n<meta name=\"robots\" content=\"index, follow, max-snippet:-1, max-image-preview:large, max-video-preview:-1\" \/>\n<link rel=\"canonical\" href=\"https:\/\/novalimglutenfree.com\/cs\/bezlepkove-zapekane-chlebicky-panini\/\" \/>\n<meta property=\"og:locale\" content=\"cs_CZ\" \/>\n<meta property=\"og:type\" content=\"article\" \/>\n<meta property=\"og:title\" content=\"Bezlepkov\u00e9 zap\u00e9kan\u00e9 chleb\u00ed\u010dky Panini - Novalim\" \/>\n<meta property=\"og:description\" content=\"Pokud v\u00e1m zbyl doma bezlepkov\u00fd chl\u00e9b Novalim a p\u0159em\u00fd\u0161l\u00edte, zda je je\u0161t\u011b \u010derstv\u00fd, m\u016f\u017eete si z\u00a0n\u011bj p\u0159ipravit bezlepkov\u00e9 zap\u00e9kan\u00e9 chleb\u00ed\u010dky Panini. Italov\u00e9, velc\u00ed gurm\u00e1ni, v\u011bd\u00ed co je dobr\u00e9 a stejn\u011b tak dobr\u00e9 jsou i tyto chleb\u00ed\u010dky.\" \/>\n<meta property=\"og:url\" content=\"https:\/\/novalimglutenfree.com\/cs\/bezlepkove-zapekane-chlebicky-panini\/\" \/>\n<meta property=\"og:site_name\" content=\"Novalim\" \/>\n<meta property=\"article:published_time\" content=\"2019-11-15T11:30:37+00:00\" \/>\n<meta property=\"article:modified_time\" content=\"2019-11-29T09:47:45+00:00\" \/>\n<meta property=\"og:image\" content=\"https:\/\/novalimglutenfree.com\/wp-content\/uploads\/2018\/08\/panini.jpg\" \/>\n\t<meta property=\"og:image:width\" content=\"1152\" \/>\n\t<meta property=\"og:image:height\" content=\"648\" \/>\n<meta name=\"twitter:card\" content=\"summary\" \/>\n<meta name=\"twitter:label1\" content=\"Odhadovan\u00e1 doba \u010dten\u00ed\">\n\t<meta name=\"twitter:data1\" content=\"1 minuta\">\n<script type=\"application\/ld+json\" class=\"yoast-schema-graph\">{\"@context\":\"https:\/\/schema.org\",\"@graph\":[{\"@type\":\"WebSite\",\"@id\":\"https:\/\/www.novalimglutenfree.com\/de\/#website\",\"url\":\"https:\/\/www.novalimglutenfree.com\/de\/\",\"name\":\"Novalim\",\"description\":\"Bezlepkov\\u00e9 potraviny, bezlepkov\\u00e9 recepty, celiakia, PKU\",\"potentialAction\":[{\"@type\":\"SearchAction\",\"target\":\"https:\/\/www.novalimglutenfree.com\/de\/?s={search_term_string}\",\"query-input\":\"required name=search_term_string\"}],\"inLanguage\":\"cs\"},{\"@type\":\"ImageObject\",\"@id\":\"https:\/\/novalimglutenfree.com\/cs\/bezlepkove-zapekane-chlebicky-panini\/#primaryimage\",\"inLanguage\":\"cs\",\"url\":\"https:\/\/novalimglutenfree.com\/wp-content\/uploads\/2018\/08\/panini.jpg\",\"width\":1152,\"height\":648,\"caption\":\"Bezlepkov\\u00e9 zap\\u00e9kan\\u00e9 chleb\\u00ed\\u010dky Panini\"},{\"@type\":\"WebPage\",\"@id\":\"https:\/\/novalimglutenfree.com\/cs\/bezlepkove-zapekane-chlebicky-panini\/#webpage\",\"url\":\"https:\/\/novalimglutenfree.com\/cs\/bezlepkove-zapekane-chlebicky-panini\/\",\"name\":\"Bezlepkov\\u00e9 zap\\u00e9kan\\u00e9 chleb\\u00ed\\u010dky Panini - Novalim\",\"isPartOf\":{\"@id\":\"https:\/\/www.novalimglutenfree.com\/de\/#website\"},\"primaryImageOfPage\":{\"@id\":\"https:\/\/novalimglutenfree.com\/cs\/bezlepkove-zapekane-chlebicky-panini\/#primaryimage\"},\"datePublished\":\"2019-11-15T11:30:37+00:00\",\"dateModified\":\"2019-11-29T09:47:45+00:00\",\"author\":{\"@id\":\"https:\/\/www.novalimglutenfree.com\/de\/#\/schema\/person\/7f6375bb3b838f4bcaa473a678eb7aa5\"},\"description\":\"Pokud v\\u00e1m zbyl doma bezlepkov\\u00fd chl\\u00e9b Novalim a p\\u0159em\\u00fd\\u0161l\\u00edte, zda je je\\u0161t\\u011b \\u010derstv\\u00fd, m\\u016f\\u017eete si z\\u00a0n\\u011bj p\\u0159ipravit bezlepkov\\u00e9 zap\\u00e9kan\\u00e9 chleb\\u00ed\\u010dky Panini. Italov\\u00e9, velc\\u00ed gurm\\u00e1ni, v\\u011bd\\u00ed co je dobr\\u00e9 a stejn\\u011b tak dobr\\u00e9 jsou i tyto chleb\\u00ed\\u010dky.\",\"inLanguage\":\"cs\",\"potentialAction\":[{\"@type\":\"ReadAction\",\"target\":[\"https:\/\/novalimglutenfree.com\/cs\/bezlepkove-zapekane-chlebicky-panini\/\"]}]},{\"@type\":\"Person\",\"@id\":\"https:\/\/www.novalimglutenfree.com\/de\/#\/schema\/person\/7f6375bb3b838f4bcaa473a678eb7aa5\",\"name\":\"marketing\"}]}<\/script>\n<!-- \/ Yoast SEO plugin. -->","_links":{"self":[{"href":"https:\/\/novalimglutenfree.com\/cs\/wp-json\/wp\/v2\/posts\/11180"}],"collection":[{"href":"https:\/\/novalimglutenfree.com\/cs\/wp-json\/wp\/v2\/posts"}],"about":[{"href":"https:\/\/novalimglutenfree.com\/cs\/wp-json\/wp\/v2\/types\/post"}],"author":[{"embeddable":true,"href":"https:\/\/novalimglutenfree.com\/cs\/wp-json\/wp\/v2\/users\/1239"}],"replies":[{"embeddable":true,"href":"https:\/\/novalimglutenfree.com\/cs\/wp-json\/wp\/v2\/comments?post=11180"}],"version-history":[{"count":4,"href":"https:\/\/novalimglutenfree.com\/cs\/wp-json\/wp\/v2\/posts\/11180\/revisions"}],"predecessor-version":[{"id":11205,"href":"https:\/\/novalimglutenfree.com\/cs\/wp-json\/wp\/v2\/posts\/11180\/revisions\/11205"}],"wp:featuredmedia":[{"embeddable":true,"href":"https:\/\/novalimglutenfree.com\/cs\/wp-json\/wp\/v2\/media\/9451"}],"wp:attachment":[{"href":"https:\/\/novalimglutenfree.com\/cs\/wp-json\/wp\/v2\/media?parent=11180"}],"wp:term":[{"taxonomy":"category","embeddable":true,"href":"https:\/\/novalimglutenfree.com\/cs\/wp-json\/wp\/v2\/categories?post=11180"},{"taxonomy":"post_tag","embeddable":true,"href":"https:\/\/novalimglutenfree.com\/cs\/wp-json\/wp\/v2\/tags?post=11180"}],"curies":[{"name":"wp","href":"https:\/\/api.w.org\/{rel}","templated":true}]}}