{"id":10421,"date":"2019-05-13T10:51:02","date_gmt":"2019-05-13T08:51:02","guid":{"rendered":"http:\/\/novalimglutenfree.com\/?p=10421\/"},"modified":"2019-05-13T10:51:02","modified_gmt":"2019-05-13T08:51:02","slug":"bezlepkove-odpalovane-vetrniky-eclairs-maslovym-kremem","status":"publish","type":"post","link":"https:\/\/novalimglutenfree.com\/cs\/bezlepkove-odpalovane-vetrniky-eclairs-maslovym-kremem\/","title":{"rendered":"Bezlepkov\u00e9 odpalovan\u00e9 v\u011btrn\u00edky \u00e9clairs s m\u00e1slov\u00fdm kr\u00e9mem"},"content":{"rendered":"<p>M\u00e1te r\u00e1di bezlepkov\u00e9 odpalovan\u00e9 kol\u00e1\u010dky? Co byste \u0159ekli na takov\u00e9 v\u011bne\u010dky, v\u011btrn\u00edky nebo fajnov\u00e9 francouzsk\u00e9 kol\u00e1\u010dky &#8211; \u00e9clairs? S na\u0161\u00ed moukou Promix PK speci\u00e1l, kter\u00e1 je bez alergen\u016f (\u017e\u00e1dn\u00fd lepek, \u017e\u00e1dn\u00e1 s\u00f3ja, \u017e\u00e1dn\u00e1 lakt\u00f3za) a je speci\u00e1ln\u011b nam\u00edchan\u00e1 tak, aby se v\u00e1m z n\u00ed povedly i ty nejfajnov\u011bj\u0161\u00ed kol\u00e1\u010dky a z\u00e1kusky, ud\u011bl\u00e1te fantastick\u00e9 bezlepkov\u00e9 odpalovan\u00e9 t\u011bsto. A z n\u011bj je pak hra\u010dka up\u00e9ct bezlepkov\u00e9 odpalovan\u00e9 kol\u00e1\u010dky, dnes konkr\u00e9tn\u011b v\u011btrn\u00edky.<!--more--><\/p>\n<p>&nbsp;<\/p>\n<h2>Bezlepkov\u00e9 odpalovan\u00e9 v\u011btrn\u00edky \u00e9clairs s m\u00e1slov\u00fdm kr\u00e9mem<\/h2>\n<p>&nbsp;<\/p>\n<p>Na t\u011bsto:<\/p>\n<ul>\n<li>300 ml vody (m\u00edsto vody m\u016f\u017eete pou\u017e\u00edt ml\u00e9ko, kravsk\u00e9 nebo rostlinn\u00e9)<\/li>\n<li>150 g rostlinn\u00e9ho tuku (nap\u0159. kokosov\u00e9ho)<\/li>\n<li>150 g bezlepkov\u00e9 mouky <a href=\"http:\/\/novalimglutenfree.com\/obchod\/muky\/bezglutenove-mucne-zmesi\/promix-pk-special-bezlepkova-zmes-na-pecivo-2\/\">Promix PK speci\u00e1l<\/a><\/li>\n<li>2 vejce plus 2 \u017eloutky<\/li>\n<li>P\u016fl l\u017ei\u010dky soli<\/li>\n<\/ul>\n<p>Na n\u00e1pl\u0148:<\/p>\n<ul>\n<li>2 b\u00edlky<\/li>\n<li>125 g m\u00e1sla<\/li>\n<li>150 g krystalov\u00e9ho cukru<\/li>\n<li>50 ml vody<\/li>\n<\/ul>\n<p>Postup:<\/p>\n<p>V men\u0161\u00edm hrnci nech\u00e1me va\u0159it vodu (resp. ml\u00e9ko) a tuk, dokud se tuk ve vod\u011b zcela nerozpust\u00ed, p\u0159id\u00e1me s\u016fl a zam\u00edch\u00e1me.<\/p>\n<p>Zti\u0161\u00edme ohe\u0148 a n\u00e1sledn\u011b do tukov\u00e9 tekutiny p\u0159isyp\u00e1v\u00e1me bezlepkovou mouku <a href=\"http:\/\/novalimglutenfree.com\/obchod\/muky\/bezglutenove-mucne-zmesi\/promix-pk-special-bezlepkova-zmes-na-pecivo-2\/\">Promix PK speci\u00e1l<\/a> a zam\u00edch\u00e1me va\u0159e\u010dkou. Zformuje se n\u00e1m hust\u00e1 lepkav\u00e1 hmota, kterou na slab\u00e9m ohni rychle m\u00edch\u00e1me, dokud nenastane efekt &#8220;odpalov\u00e1n\u00ed&#8221;, tj. t\u011bsto je kompaktn\u00ed a odlepuje se od okraj\u016f hrnce. Trv\u00e1 to asi minutu-dv\u011b.<\/p>\n<p>Vypracovan\u00e9 t\u011bsto nech\u00e1me vychladnout. B\u011bhem chladnut\u00ed jej ob\u010das prom\u00edch\u00e1me, abychom vm\u00edchali zp\u011bt tuk, kter\u00fd se m\u016f\u017ee odd\u011blovat.<\/p>\n<p>Do vychladl\u00e9ho t\u011bsta pak po jednom za\u0161leh\u00e1v\u00e1me mix\u00e9rem cel\u00e1 vejce a \u017eloutky. Vznikne n\u00e1m \u017elut\u00e1 ka\u0161e, kterou pomoc\u00ed zdob\u00edc\u00edho s\u00e1\u010dku nan\u00e1\u0161\u00edme na plech vylo\u017een\u00fd pap\u00edrem na pe\u010den\u00ed ve tvaru 10 cm dlouh\u00fdch ty\u010dinek (s tlou\u0161\u0165kou asi 1.5 cm). P\u0159\u00edpadn\u011b m\u016f\u017eeme tvarovat v\u011bne\u010dky nebo kuli\u010dky (jako na profiterolky).<\/p>\n<p>Zlehka pokrop\u00edme vodou a pe\u010deme v dob\u0159e rozeh\u0159\u00e1t\u00e9 troub\u011b p\u0159i 200 stupn\u00edch p\u0159ibli\u017en\u011b 20-25 minut do zlatohn\u011bda.<\/p>\n<p>Upe\u010den\u00e9 kol\u00e1\u010dky nech\u00e1me vychladnout, vodorovn\u011b je pro\u0159\u00edzneme a napln\u00edme m\u00e1slov\u00fdm kr\u00e9mem.<!--more--><\/p>\n<h3>Maslov\u00fd kr\u00e9m<\/h3>\n<p>M\u00e1slov\u00fd kr\u00e9m p\u0159iprav\u00edme v kastr\u016flku z p\u016fl deci vody a cukru (z n\u011bho\u017e odebereme jednu velkou l\u017e\u00edci). Pova\u0159\u00edme, dokud cel\u00e1 sm\u011bs neza\u010dne v\u0159\u00edt a bublat. V\u00a0t\u00e9m\u017e okam\u017eiku za\u010dneme v \u010dist\u00e9 m\u00edse \u0161lehat dva b\u00edlky, kter\u00e9 n\u00e1m zbyly z p\u0159\u00edpravy t\u011bsta, spolu s odlo\u017eenou l\u017e\u00edc\u00ed cukru. \u0160leh\u00e1me nejprve pomalu, jen aby se n\u00e1m vytvo\u0159ila m\u011bkk\u00e1 p\u011bna. Z\u00e1rove\u0148 sledujeme cukrov\u00fd rozvar. Pokud m\u00e1me teplom\u011br, pot\u0159ebujeme dos\u00e1hnout celkovou teplotu rozvaru 120 stup\u0148\u016f. Pokud teplom\u011br nem\u00e1me, rozvar mus\u00ed dos\u00e1hnout sirupovitou konzistenci a mus\u00ed se za\u010d\u00edt zbarvovat do \u017eluta.<\/p>\n<p>Rozvar pak p\u0159il\u00e9v\u00e1me tenk\u00fdm proudem do b\u00edlku, p\u0159i\u010dem\u017e st\u00e1le \u0161leh\u00e1me mix\u00e9rem. Jakmile je cel\u00fd rozvar sm\u00edchan\u00fd s b\u00edlkem, nep\u0159est\u00e1v\u00e1me \u0161lehat, dokud nen\u00ed b\u00edlkov\u00fd sn\u00edh zcela tuh\u00fd a m\u00edsa, v n\u00ed\u017e \u0161leh\u00e1me, vychladl\u00e1.<\/p>\n<p>Do b\u00edlkov\u00e9ho kr\u00e9mu nyn\u00ed vm\u00edch\u00e1me kousky zm\u011bkl\u00e9ho m\u00e1sla. Touto n\u00e1pln\u00ed pln\u00edme bezlepkov\u00e9 odpalovan\u00e9 kol\u00e1\u010dky a uchov\u00e1v\u00e1me je v chladu. P\u0159ed pod\u00e1v\u00e1n\u00edm je m\u016f\u017eeme posypat pr\u00e1\u0161kov\u00fdm cukrem.<\/p>\n<div id=\"attachment_10427\" style=\"width: 179px\" class=\"wp-caption alignnone\"><a href=\"http:\/\/novalimglutenfree.com\/wp-content\/uploads\/2019\/05\/eclair_2.jpg\"><img aria-describedby=\"caption-attachment-10427\" loading=\"lazy\" class=\"size-medium wp-image-10427\" src=\"http:\/\/novalimglutenfree.com\/wp-content\/uploads\/2019\/05\/eclair_2-169x300.jpg\" alt=\"bezlepkov\u00e9 odpalovan\u00e9 v\u011btrn\u00edky \u00e9clair\" width=\"169\" height=\"300\" \/><\/a><p id=\"caption-attachment-10427\" class=\"wp-caption-text\">bezlepkov\u00e9 odpalovan\u00e9 v\u011btrn\u00edky \u00e9clair<\/p><\/div>\n","protected":false},"excerpt":{"rendered":"<p>M\u00e1te r\u00e1di bezlepkov\u00e9 odpalovan\u00e9 kol\u00e1\u010dky? Co byste \u0159ekli na takov\u00e9 v\u011bne\u010dky, v\u011btrn\u00edky nebo fajnov\u00e9 francouzsk\u00e9 kol\u00e1\u010dky &#8211; \u00e9clairs? S na\u0161\u00ed moukou Promix PK speci\u00e1l, kter\u00e1 je bez alergen\u016f (\u017e\u00e1dn\u00fd lepek, \u017e\u00e1dn\u00e1 s\u00f3ja, \u017e\u00e1dn\u00e1 lakt\u00f3za) a je speci\u00e1ln\u011b nam\u00edchan\u00e1 tak, aby se v\u00e1m z n\u00ed povedly i ty nejfajnov\u011bj\u0161\u00ed kol\u00e1\u010dky a z\u00e1kusky, ud\u011bl\u00e1te fantastick\u00e9 bezlepkov\u00e9 odpalovan\u00e9 [&hellip;]<\/p>\n","protected":false},"author":923,"featured_media":10432,"comment_status":"closed","ping_status":"closed","sticky":false,"template":"","format":"standard","meta":[],"categories":[208,207],"tags":[],"yoast_head":"<!-- This site is optimized with the Yoast SEO plugin v15.7 - https:\/\/yoast.com\/wordpress\/plugins\/seo\/ -->\n<title>Bezlepkov\u00e9 odpalovan\u00e9 v\u011btrn\u00edky \u00e9clairs s m\u00e1slov\u00fdm kr\u00e9mem - Novalim<\/title>\n<meta name=\"description\" content=\"M\u00e1te r\u00e1di bezlepkov\u00e9 odpalovan\u00e9 kol\u00e1\u010dky? Co byste \u0159ekli na takov\u00e9 v\u011bne\u010dky, v\u011btrn\u00edky nebo fajnov\u00e9 francouzsk\u00e9 kol\u00e1\u010dky - \u00e9clairs? Vyzkou\u0161ejte n\u00e1\u0161 recept.\" \/>\n<meta name=\"robots\" content=\"index, follow, max-snippet:-1, max-image-preview:large, max-video-preview:-1\" \/>\n<link rel=\"canonical\" href=\"https:\/\/www.novalimglutenfree.com\/cs\/bezlepkove-odpalovane-vetrniky-eclairs-maslovym-kremem\/\" \/>\n<meta property=\"og:locale\" content=\"cs_CZ\" \/>\n<meta property=\"og:type\" content=\"article\" \/>\n<meta property=\"og:title\" content=\"Bezlepkov\u00e9 odpalovan\u00e9 v\u011btrn\u00edky \u00e9clairs s m\u00e1slov\u00fdm kr\u00e9mem - Novalim\" \/>\n<meta property=\"og:description\" content=\"M\u00e1te r\u00e1di bezlepkov\u00e9 odpalovan\u00e9 kol\u00e1\u010dky? Co byste \u0159ekli na takov\u00e9 v\u011bne\u010dky, v\u011btrn\u00edky nebo fajnov\u00e9 francouzsk\u00e9 kol\u00e1\u010dky - \u00e9clairs? Vyzkou\u0161ejte n\u00e1\u0161 recept.\" \/>\n<meta property=\"og:url\" content=\"https:\/\/www.novalimglutenfree.com\/cs\/bezlepkove-odpalovane-vetrniky-eclairs-maslovym-kremem\/\" \/>\n<meta property=\"og:site_name\" content=\"Novalim\" \/>\n<meta property=\"article:published_time\" content=\"2019-05-13T08:51:02+00:00\" \/>\n<meta property=\"og:image\" content=\"https:\/\/novalimglutenfree.com\/wp-content\/uploads\/2019\/05\/eclair_3.jpg\" \/>\n\t<meta property=\"og:image:width\" content=\"768\" \/>\n\t<meta property=\"og:image:height\" content=\"432\" \/>\n<meta name=\"twitter:card\" content=\"summary\" \/>\n<meta name=\"twitter:label1\" content=\"Odhadovan\u00e1 doba \u010dten\u00ed\">\n\t<meta name=\"twitter:data1\" content=\"3 minuty\">\n<script type=\"application\/ld+json\" class=\"yoast-schema-graph\">{\"@context\":\"https:\/\/schema.org\",\"@graph\":[{\"@type\":\"WebSite\",\"@id\":\"https:\/\/www.novalimglutenfree.com\/de\/#website\",\"url\":\"https:\/\/www.novalimglutenfree.com\/de\/\",\"name\":\"Novalim\",\"description\":\"Bezlepkov\\u00e9 potraviny, bezlepkov\\u00e9 recepty, celiakia, PKU\",\"potentialAction\":[{\"@type\":\"SearchAction\",\"target\":\"https:\/\/www.novalimglutenfree.com\/de\/?s={search_term_string}\",\"query-input\":\"required name=search_term_string\"}],\"inLanguage\":\"cs\"},{\"@type\":\"ImageObject\",\"@id\":\"https:\/\/www.novalimglutenfree.com\/cs\/bezlepkove-odpalovane-vetrniky-eclairs-maslovym-kremem\/#primaryimage\",\"inLanguage\":\"cs\",\"url\":\"https:\/\/novalimglutenfree.com\/wp-content\/uploads\/2019\/05\/eclair_3.jpg\",\"width\":768,\"height\":432,\"caption\":\"bezlepkov\\u00e9 odpalovan\\u00e9 v\\u011btrn\\u00edky \\u00e9clair\"},{\"@type\":\"WebPage\",\"@id\":\"https:\/\/www.novalimglutenfree.com\/cs\/bezlepkove-odpalovane-vetrniky-eclairs-maslovym-kremem\/#webpage\",\"url\":\"https:\/\/www.novalimglutenfree.com\/cs\/bezlepkove-odpalovane-vetrniky-eclairs-maslovym-kremem\/\",\"name\":\"Bezlepkov\\u00e9 odpalovan\\u00e9 v\\u011btrn\\u00edky \\u00e9clairs s m\\u00e1slov\\u00fdm kr\\u00e9mem - Novalim\",\"isPartOf\":{\"@id\":\"https:\/\/www.novalimglutenfree.com\/de\/#website\"},\"primaryImageOfPage\":{\"@id\":\"https:\/\/www.novalimglutenfree.com\/cs\/bezlepkove-odpalovane-vetrniky-eclairs-maslovym-kremem\/#primaryimage\"},\"datePublished\":\"2019-05-13T08:51:02+00:00\",\"dateModified\":\"2019-05-13T08:51:02+00:00\",\"author\":{\"@id\":\"https:\/\/www.novalimglutenfree.com\/de\/#\/schema\/person\/ed75de4c3b31e9d4367b674899e669c8\"},\"description\":\"M\\u00e1te r\\u00e1di bezlepkov\\u00e9 odpalovan\\u00e9 kol\\u00e1\\u010dky? Co byste \\u0159ekli na takov\\u00e9 v\\u011bne\\u010dky, v\\u011btrn\\u00edky nebo fajnov\\u00e9 francouzsk\\u00e9 kol\\u00e1\\u010dky - \\u00e9clairs? Vyzkou\\u0161ejte n\\u00e1\\u0161 recept.\",\"inLanguage\":\"cs\",\"potentialAction\":[{\"@type\":\"ReadAction\",\"target\":[\"https:\/\/www.novalimglutenfree.com\/cs\/bezlepkove-odpalovane-vetrniky-eclairs-maslovym-kremem\/\"]}]},{\"@type\":\"Person\",\"@id\":\"https:\/\/www.novalimglutenfree.com\/de\/#\/schema\/person\/ed75de4c3b31e9d4367b674899e669c8\",\"name\":\"Michaela\",\"description\":\"Michaela sa u\\u017e nieko\\u013eko rokov venuje blogovaniu o jedle a pe\\u010den\\u00ed, je hobby cukr\\u00e1rka a v\\u00fdvoj\\u00e1rka receptov. Ak s\\u00fa t\\u00e9my, ktor\\u00e9 v\\u00e1s obzvl\\u00e1\\u0161\\u0165 zauj\\u00edmaj\\u00fa, alebo sa potrebujete poradi\\u0165 o bezlepkovom pe\\u010den\\u00ed a varen\\u00ed alebo o na\\u0161ich produktoch, nev\\u00e1hajte n\\u00e1s kontaktova\\u0165 na na\\u0161om facebookovom profile.\"}]}<\/script>\n<!-- \/ Yoast SEO plugin. -->","_links":{"self":[{"href":"https:\/\/novalimglutenfree.com\/cs\/wp-json\/wp\/v2\/posts\/10421"}],"collection":[{"href":"https:\/\/novalimglutenfree.com\/cs\/wp-json\/wp\/v2\/posts"}],"about":[{"href":"https:\/\/novalimglutenfree.com\/cs\/wp-json\/wp\/v2\/types\/post"}],"author":[{"embeddable":true,"href":"https:\/\/novalimglutenfree.com\/cs\/wp-json\/wp\/v2\/users\/923"}],"replies":[{"embeddable":true,"href":"https:\/\/novalimglutenfree.com\/cs\/wp-json\/wp\/v2\/comments?post=10421"}],"version-history":[{"count":1,"href":"https:\/\/novalimglutenfree.com\/cs\/wp-json\/wp\/v2\/posts\/10421\/revisions"}],"predecessor-version":[{"id":10437,"href":"https:\/\/novalimglutenfree.com\/cs\/wp-json\/wp\/v2\/posts\/10421\/revisions\/10437"}],"wp:featuredmedia":[{"embeddable":true,"href":"https:\/\/novalimglutenfree.com\/cs\/wp-json\/wp\/v2\/media\/10432"}],"wp:attachment":[{"href":"https:\/\/novalimglutenfree.com\/cs\/wp-json\/wp\/v2\/media?parent=10421"}],"wp:term":[{"taxonomy":"category","embeddable":true,"href":"https:\/\/novalimglutenfree.com\/cs\/wp-json\/wp\/v2\/categories?post=10421"},{"taxonomy":"post_tag","embeddable":true,"href":"https:\/\/novalimglutenfree.com\/cs\/wp-json\/wp\/v2\/tags?post=10421"}],"curies":[{"name":"wp","href":"https:\/\/api.w.org\/{rel}","templated":true}]}}